{"id":5162,"date":"2024-11-26T00:00:00","date_gmt":"2024-11-26T00:00:00","guid":{"rendered":"http:\/\/dev-dug.flywheelsites.com\/priorizar-la-conservacion-la-comunidad-y-la-naturaleza-en-las-comunidades-planificadas\/"},"modified":"2025-03-21T20:36:34","modified_gmt":"2025-03-21T20:36:34","slug":"priorizar-la-conservacion-la-comunidad-y-la-naturaleza-en-las-comunidades-planificadas","status":"publish","type":"latest_news","link":"https:\/\/dug.org\/es\/latest-news\/priorizar-la-conservacion-la-comunidad-y-la-naturaleza-en-las-comunidades-planificadas\/","title":{"rendered":"Priorizar la conservaci\u00f3n, la comunidad y la naturaleza en las comunidades planificadas"},"content":{"rendered":"[vc_row type=\u00bbin_container\u00bb full_screen_row_position=\u00bbmiddle\u00bb column_margin=\u00bbdefault\u00bb column_direction=\u00bbdefault\u00bb column_direction_tablet=\u00bbdefault\u00bb column_direction_phone=\u00bbdefault\u00bb scene_position=\u00bbcenter\u00bb text_color=\u00bbdark\u00bb text_align=\u00bbleft\u00bb row_border_radius=\u00bbnone\u00bb row_border_radius_applies=\u00bbbg\u00bb overflow=\u00bbvisible\u00bb overlay_strength=\u00bb0.3&#8243; gradient_direction=\u00bbleft_to_right\u00bb shape_divider_position=\u00bbbottom\u00bb bg_image_animation=\u00bbnone\u00bb][vc_column column_padding=\u00bbno-extra-padding\u00bb column_padding_tablet=\u00bbinherit\u00bb column_padding_phone=\u00bbinherit\u00bb column_padding_position=\u00bball\u00bb column_element_direction_desktop=\u00bbdefault\u00bb column_element_spacing=\u00bbdefault\u00bb desktop_text_alignment=\u00bbdefault\u00bb tablet_text_alignment=\u00bbdefault\u00bb phone_text_alignment=\u00bbdefault\u00bb background_color_opacity=\u00bb1&#8243; background_hover_color_opacity=\u00bb1&#8243; column_backdrop_filter=\u00bbnone\u00bb column_shadow=\u00bbnone\u00bb column_border_radius=\u00bbnone\u00bb column_link_target=\u00bb_self\u00bb column_position=\u00bbdefault\u00bb gradient_direction=\u00bbleft_to_right\u00bb overlay_strength=\u00bb0.3&#8243; width=\u00bb1\/1&#8243; tablet_width_inherit=\u00bbdefault\u00bb animation_type=\u00bbdefault\u00bb bg_image_animation=\u00bbnone\u00bb border_type=\u00bbsimple\u00bb column_border_width=\u00bbnone\u00bb column_border_style=\u00bbsolid\u00bb][vc_column_text text_direction=\u00bbdefault\u00bb]\n<p style=\"text-align: center;\"><span style=\"font-weight: 400;\">El 13 de noviembre de 2024, en la conferencia Greenbuild de Filadelfia, se reuni\u00f3 un grupo de expertos para debatir un enfoque con visi\u00f3n de futuro de las comunidades planificadas sostenibles. La sesi\u00f3n titulada   <\/span><b>\u00abPriorizar la conservaci\u00f3n, la comunidad y la naturaleza en las comunidades planificadas\u00bb<\/b> <br \/><span style=\"font-weight: 400;\">reuni\u00f3 a un grupo diverso de profesionales (un desarrollador, un arquitecto paisajista y representantes de organizaciones sin fines de lucro) para compartir ideas sobre c\u00f3mo colaboraron para crear una comunidad orientada a la conservaci\u00f3n al sureste de Denver.<\/span><\/p>\n[\/vc_column_text][vc_row_inner column_margin=\u00bbdefault\u00bb column_direction=\u00bbdefault\u00bb column_direction_tablet=\u00bbdefault\u00bb column_direction_phone=\u00bbdefault\u00bb text_align=\u00bbleft\u00bb row_position=\u00bbdefault\u00bb row_position_tablet=\u00bbinherit\u00bb row_position_phone=\u00bbinherit\u00bb overflow=\u00bbvisible\u00bb pointer_events=\u00bball\u00bb][vc_column_inner column_padding=\u00bbno-extra-padding\u00bb column_padding_tablet=\u00bbinherit\u00bb column_padding_phone=\u00bbinherit\u00bb column_padding_position=\u00bball\u00bb column_element_direction_desktop=\u00bbdefault\u00bb column_element_spacing=\u00bbdefault\u00bb desktop_text_alignment=\u00bbdefault\u00bb tablet_text_alignment=\u00bbdefault\u00bb phone_text_alignment=\u00bbdefault\u00bb background_color_opacity=\u00bb1&#8243; background_hover_color_opacity=\u00bb1&#8243; column_backdrop_filter=\u00bbnone\u00bb column_shadow=\u00bbnone\u00bb column_border_radius=\u00bbnone\u00bb column_link_target=\u00bb_self\u00bb overflow=\u00bbvisible\u00bb gradient_direction=\u00bbleft_to_right\u00bb overlay_strength=\u00bb0.3&#8243; width=\u00bb1\/4&#8243; tablet_width_inherit=\u00bbdefault\u00bb animation_type=\u00bbdefault\u00bb bg_image_animation=\u00bbnone\u00bb border_type=\u00bbsimple\u00bb column_border_width=\u00bbnone\u00bb column_border_style=\u00bbsolid\u00bb][\/vc_column_inner][vc_column_inner column_padding=\u00bbno-extra-padding\u00bb column_padding_tablet=\u00bbinherit\u00bb column_padding_phone=\u00bbinherit\u00bb column_padding_position=\u00bball\u00bb column_element_direction_desktop=\u00bbdefault\u00bb column_element_spacing=\u00bbdefault\u00bb desktop_text_alignment=\u00bbdefault\u00bb tablet_text_alignment=\u00bbdefault\u00bb phone_text_alignment=\u00bbdefault\u00bb background_color_opacity=\u00bb1&#8243; background_hover_color_opacity=\u00bb1&#8243; column_backdrop_filter=\u00bbnone\u00bb column_shadow=\u00bbnone\u00bb column_border_radius=\u00bbnone\u00bb column_link_target=\u00bb_self\u00bb overflow=\u00bbvisible\u00bb gradient_direction=\u00bbleft_to_right\u00bb overlay_strength=\u00bb0.3&#8243; width=\u00bb1\/2&#8243; tablet_width_inherit=\u00bbdefault\u00bb animation_type=\u00bbdefault\u00bb bg_image_animation=\u00bbnone\u00bb border_type=\u00bbsimple\u00bb column_border_width=\u00bbnone\u00bb column_border_style=\u00bbsolid\u00bb][image_with_animation image_url=\u00bb544721&#8243; image_size=\u00bbfull\u00bb animation_type=\u00bbentrance\u00bb animation=\u00bbNone\u00bb animation_movement_type=\u00bbtransform_y\u00bb hover_animation=\u00bbnone\u00bb alignment=\u00bb\u00bb border_radius=\u00bbnone\u00bb box_shadow=\u00bbnone\u00bb image_loading=\u00bbdefault\u00bb max_width=\u00bb100%\u00bb max_width_mobile=\u00bbdefault\u00bb][\/vc_column_inner][vc_column_inner column_padding=\u00bbno-extra-padding\u00bb column_padding_tablet=\u00bbinherit\u00bb column_padding_phone=\u00bbinherit\u00bb column_padding_position=\u00bball\u00bb column_element_direction_desktop=\u00bbdefault\u00bb column_element_spacing=\u00bbdefault\u00bb desktop_text_alignment=\u00bbdefault\u00bb tablet_text_alignment=\u00bbdefault\u00bb phone_text_alignment=\u00bbdefault\u00bb background_color_opacity=\u00bb1&#8243; background_hover_color_opacity=\u00bb1&#8243; column_backdrop_filter=\u00bbnone\u00bb column_shadow=\u00bbnone\u00bb column_border_radius=\u00bbnone\u00bb column_link_target=\u00bb_self\u00bb overflow=\u00bbvisible\u00bb gradient_direction=\u00bbleft_to_right\u00bb overlay_strength=\u00bb0.3&#8243; width=\u00bb1\/4&#8243; tablet_width_inherit=\u00bbdefault\u00bb animation_type=\u00bbdefault\u00bb bg_image_animation=\u00bbnone\u00bb border_type=\u00bbsimple\u00bb column_border_width=\u00bbnone\u00bb column_border_style=\u00bbsolid\u00bb][\/vc_column_inner][\/vc_row_inner][\/vc_column][\/vc_row][vc_row type=\u00bbin_container\u00bb full_screen_row_position=\u00bbmiddle\u00bb column_margin=\u00bbdefault\u00bb column_direction=\u00bbdefault\u00bb column_direction_tablet=\u00bbdefault\u00bb column_direction_phone=\u00bbdefault\u00bb scene_position=\u00bbcenter\u00bb text_color=\u00bbdark\u00bb text_align=\u00bbleft\u00bb row_border_radius=\u00bbnone\u00bb row_border_radius_applies=\u00bbbg\u00bb overflow=\u00bbvisible\u00bb overlay_strength=\u00bb0.3&#8243; gradient_direction=\u00bbleft_to_right\u00bb shape_divider_position=\u00bbbottom\u00bb bg_image_animation=\u00bbnone\u00bb][vc_column column_padding=\u00bbno-extra-padding\u00bb column_padding_tablet=\u00bbinherit\u00bb column_padding_phone=\u00bbinherit\u00bb column_padding_position=\u00bball\u00bb column_element_direction_desktop=\u00bbdefault\u00bb column_element_spacing=\u00bbdefault\u00bb desktop_text_alignment=\u00bbdefault\u00bb tablet_text_alignment=\u00bbdefault\u00bb phone_text_alignment=\u00bbdefault\u00bb background_color_opacity=\u00bb1&#8243; background_hover_color_opacity=\u00bb1&#8243; column_backdrop_filter=\u00bbnone\u00bb column_shadow=\u00bbnone\u00bb column_border_radius=\u00bbnone\u00bb column_link_target=\u00bb_self\u00bb column_position=\u00bbdefault\u00bb gradient_direction=\u00bbleft_to_right\u00bb overlay_strength=\u00bb0.3&#8243; width=\u00bb1\/1&#8243; tablet_width_inherit=\u00bbdefault\u00bb animation_type=\u00bbdefault\u00bb bg_image_animation=\u00bbnone\u00bb border_type=\u00bbsimple\u00bb column_border_width=\u00bbnone\u00bb column_border_style=\u00bbsolid\u00bb][vc_column_text text_direction=\u00bbdefault\u00bb]\n<h5><b>Temas clave<\/b><\/h5>\n<p><span style=\"font-weight: 400;\">La discusi\u00f3n se centr\u00f3 en la integraci\u00f3n de la conservaci\u00f3n, la comunidad y la sostenibilidad dentro del desarrollo urbano. El panel destac\u00f3 un proyecto que ejemplifica estos principios, una comunidad rural planificada dise\u00f1ada para preservar espacios abiertos y fomentar la participaci\u00f3n comunitaria al tiempo que enfatiza las pr\u00e1cticas de vida sostenible. Esta comunidad tambi\u00e9n cuenta con el programa de reciclaje de agua m\u00e1s grande de Colorado, lo que promueve su compromiso con la sostenibilidad.  <\/span><\/p>\n<h5><b>Oradore\/as y sus roles<\/b><\/h5>\n<p><span style=\"font-weight: 400;\">El panel cont\u00f3 con:<\/span><\/p>\n<ul>\n<li style=\"font-weight: 400;\" aria-level=\"1\"><b>Linda Appel Lipsius<\/b><span style=\"font-weight: 400;\">, Directora Ejecutiva de Denver Urban Gardens, actu\u00f3 como moderadora.<br \/><\/span><\/li>\n<li style=\"font-weight: 400;\" aria-level=\"1\"><b>Tim Craft<\/b><span style=\"font-weight: 400;\">fundador y director general de Craft Companies, una empresa inmobiliaria centrada en la sostenibilidad, concibi\u00f3 el proyecto.<\/span><\/li>\n<li style=\"font-weight: 400;\" aria-level=\"1\"><b>Brandon Orrick<\/b><span style=\"font-weight: 400;\">, El vicepresidente de EDSA, una firma global de arquitectura paisajista y dise\u00f1o urbano, aport\u00f3 su experiencia en la integraci\u00f3n de la naturaleza en el dise\u00f1o de la comunidad.<br \/><\/span><\/li>\n<li style=\"font-weight: 400;\" aria-level=\"1\"><b>Amy Yarger<\/b><span style=\"font-weight: 400;\">, Directora s\u00e9nior de Horticultura del Butterfly Pavilion, centrado en la importancia de los invertebrados (polinizadores) en la conservaci\u00f3n y la salud de los ecosistemas.<br \/><\/span><\/li>\n<\/ul>\n<h5><b>Objetivos de aprendizaje<\/b><\/h5>\n<p><span style=\"font-weight: 400;\">La presentaci\u00f3n describi\u00f3 cuatro objetivos b\u00e1sicos de aprendizaje:<\/span><\/p>\n<ol>\n<li style=\"font-weight: 400;\" aria-level=\"1\"><b>Integraci\u00f3n del dise\u00f1o de edificios y paisajes:<\/b><br \/><span style=\"font-weight: 400;\">Lo\/as participantes aprendieron c\u00f3mo fusionar arquitectura y paisaje para crear comunidades basadas en la naturaleza e impulsadas por la conservaci\u00f3n.<br \/><\/span><\/li>\n<li style=\"font-weight: 400;\" aria-level=\"1\"><b>Asociaci\u00f3n para el \u00e9xito:<\/b> <br \/><span style=\"font-weight: 400;\">la sesi\u00f3n enfatiz\u00f3 la importancia de colaborar con los socios adecuados (desarrolladores, arquitectos y organizaciones ambientales) para lograr una visi\u00f3n compartida.<\/span><\/li>\n<li style=\"font-weight: 400;\" aria-level=\"1\"><b>Beneficios para la salud mental y ambiental:<\/b> <br \/><span style=\"font-weight: 400;\">Los panelistas discutieron los efectos positivos del acceso a la naturaleza tanto en la salud ambiental como en el bienestar de la comunidad.<\/span><\/li>\n<li style=\"font-weight: 400;\" aria-level=\"1\"><b>Elementos clave de dise\u00f1o:<\/b> <br \/><span style=\"font-weight: 400;\">los asistentes obtuvieron informaci\u00f3n sobre los elementos de dise\u00f1o que fomentan un sentido de comunidad y al mismo tiempo preservan los recursos naturales.<\/span><\/li>\n<\/ol>\n<h5><b>Estudio de caso: Independencia en Elizabeth, CO<\/b><\/h5>\n<p><span style=\"font-weight: 400;\">El panel se centr\u00f3 en<\/span> <b>Independence<\/b><span style=\"font-weight: 400;\">, una comunidad planificada cerca de Elizabeth, Colorado, desarrollada por Craft Companies. El desarrollo est\u00e1 dise\u00f1ado con un fuerte \u00e9nfasis en la sostenibilidad y el dise\u00f1o impulsado por la comunidad. Las caracter\u00edsticas clave incluyen:  <\/span><\/p>\n<ul>\n<li style=\"font-weight: 400;\" aria-level=\"1\"><b>Preservaci\u00f3n de los elementos naturales<\/b><span style=\"font-weight: 400;\">: Los espacios abiertos y las zonas naturales ocupan un lugar central en el trazado de la comunidad, con esfuerzos por mantener la ecolog\u00eda local.<\/span><\/li>\n<li style=\"font-weight: 400;\" aria-level=\"1\"><b>Dise\u00f1o centrado en la comunidad: <\/b><br \/><span style=\"font-weight: 400;\">el dise\u00f1o fomenta la interacci\u00f3n social, ofreciendo espacios compartidos como jardines comunitarios, espacios para eventos y parques.<\/span><\/li>\n<li style=\"font-weight: 400;\" aria-level=\"1\"><b>Vida Sostenible: <\/b><br \/><span style=\"font-weight: 400;\">El desarrollo prioriza el reciclaje de agua y otras pr\u00e1cticas sostenibles, reduciendo su huella ambiental y mejorando la calidad de vida de los residentes.<\/span><\/li>\n<\/ul>\n<h5><b>El papel de los polinizadores en la conservaci\u00f3n<\/b><\/h5>\n<p><span style=\"font-weight: 400;\">Amy Yarger, del Butterfly Pavilion, destac\u00f3 el papel fundamental que desempe\u00f1an los polinizadores en el mantenimiento de los ecosistemas. Como el 97% de las especies animales son invertebrados, son fundamentales para toda la vida en la Tierra. El panel destac\u00f3 la necesidad de esfuerzos de conservaci\u00f3n centrados en estos polinizadores an\u00f3nimos, que son esenciales para la producci\u00f3n de alimentos y la biodiversidad.  <\/span><\/p>\n<h5><b>Jardines comunitarios: un \u00abtercer lugar\u00bb para la conexi\u00f3n social<\/b><\/h5>\n<p><span style=\"font-weight: 400;\">Los jardines comunitarios, una caracter\u00edstica clave del desarrollo planificado, se describieron como \u00abterceros lugares\u00bb: espacios p\u00fablicos donde la gente puede reunirse fuera del trabajo y del hogar. Estos jardines promueven la interacci\u00f3n social, la producci\u00f3n de alimentos y la gesti\u00f3n ambiental. Con 200 jardines comunitarios y 24 bosques de alimentos en Denver, DUG enfatiz\u00f3 el papel fundamental que desempe\u00f1an estos espacios en la lucha contra la epidemia de soledad, el fomento de las conexiones sociales y la promoci\u00f3n de la salud mental.  <\/span><\/p>\n<h5><b>Conclusiones finales<\/b><\/h5>\n<p><span style=\"font-weight: 400;\">La sesi\u00f3n subray\u00f3 la importancia de construir comunidades que prioricen la naturaleza, la sostenibilidad y la cohesi\u00f3n social. Al integrar paisajes naturales en el dise\u00f1o urbano y fomentar conexiones a trav\u00e9s de espacios compartidos, las comunidades planificadas como Independence demuestran c\u00f3mo el desarrollo puede equilibrar el crecimiento con la gesti\u00f3n ambiental. El panel dej\u00f3 a la audiencia con un mensaje de esperanza, enfatizando que la colaboraci\u00f3n, la conservaci\u00f3n y la construcci\u00f3n de comunidades son claves eficientes para crear futuros resilientes y sostenibles.  <\/span>[\/vc_column_text][\/vc_column][\/vc_row][vc_row type=\u00bbin_container\u00bb full_screen_row_position=\u00bbmiddle\u00bb column_margin=\u00bbdefault\u00bb column_direction=\u00bbdefault\u00bb column_direction_tablet=\u00bbdefault\u00bb column_direction_phone=\u00bbdefault\u00bb scene_position=\u00bbcenter\u00bb text_color=\u00bbdark\u00bb text_align=\u00bbleft\u00bb row_border_radius=\u00bbnone\u00bb row_border_radius_applies=\u00bbbg\u00bb overflow=\u00bbvisible\u00bb overlay_strength=\u00bb0.3&#8243; gradient_direction=\u00bbleft_to_right\u00bb shape_divider_position=\u00bbbottom\u00bb bg_image_animation=\u00bbnone\u00bb][vc_column column_padding=\u00bbno-extra-padding\u00bb column_padding_tablet=\u00bbinherit\u00bb column_padding_phone=\u00bbinherit\u00bb column_padding_position=\u00bball\u00bb column_element_direction_desktop=\u00bbdefault\u00bb column_element_spacing=\u00bbdefault\u00bb desktop_text_alignment=\u00bbdefault\u00bb tablet_text_alignment=\u00bbdefault\u00bb phone_text_alignment=\u00bbdefault\u00bb background_color_opacity=\u00bb1&#8243; background_hover_color_opacity=\u00bb1&#8243; column_backdrop_filter=\u00bbnone\u00bb column_shadow=\u00bbnone\u00bb column_border_radius=\u00bbnone\u00bb column_link_target=\u00bb_self\u00bb column_position=\u00bbdefault\u00bb gradient_direction=\u00bbleft_to_right\u00bb overlay_strength=\u00bb0.3&#8243; width=\u00bb1\/1&#8243; tablet_width_inherit=\u00bbdefault\u00bb animation_type=\u00bbdefault\u00bb bg_image_animation=\u00bbnone\u00bb border_type=\u00bbsimple\u00bb column_border_width=\u00bbnone\u00bb column_border_style=\u00bbsolid\u00bb][divider line_type=\u00bbFull Width Line\u00bb line_thickness=\u00bb2&#8243; divider_color=\u00bbdefault\u00bb][vc_column_text text_direction=\u00bbdefault\u00bb]<span style=\"font-weight: 400;\">Para m\u00e1s informaci\u00f3n, puedes ponerte en contacto con los panelistas de la sesi\u00f3n:<\/span><\/p>\n<ul>\n<li style=\"font-weight: 400;\" aria-level=\"1\"><span style=\"font-weight: 400;\">Linda Appel Lipsius (Denver Urban Gardens) en <a href=\"mailto:linda@dug.org\">linda@dug.org<\/a><\/span><\/li>\n<li style=\"font-weight: 400;\" aria-level=\"1\"><span style=\"font-weight: 400;\">Tim Craft (Craft Companies) en <a href=\"mailto:timc@craftcompaniesllc.com\">timc@craftcompaniesllc.com<\/a><\/span><\/li>\n<li style=\"font-weight: 400;\" aria-level=\"1\"><span style=\"font-weight: 400;\">Brandon Orrick (EDSA) en <a href=\"mailto:orrickbrandon@gmail.com\">orrickbrandon@gmail.com<\/a><\/span><\/li>\n<li style=\"font-weight: 400;\" aria-level=\"1\"><span style=\"font-weight: 400;\">Amy Yarger (Butterfly Pavilion) en <a href=\"mailto:ayarger@butterflies.org\">ayarger@butterflies.org<\/a><\/span><\/li>\n<\/ul>\n[\/vc_column_text][\/vc_column][\/vc_row]\n","protected":false},"featured_media":0,"template":"","class_list":{"0":"post-5162","1":"latest_news","2":"type-latest_news","3":"status-publish","5":"news_type-socios"},"acf":[],"aioseo_notices":[],"_links":{"self":[{"href":"https:\/\/dug.org\/es\/wp-json\/wp\/v2\/latest_news\/5162","targetHints":{"allow":["GET"]}}],"collection":[{"href":"https:\/\/dug.org\/es\/wp-json\/wp\/v2\/latest_news"}],"about":[{"href":"https:\/\/dug.org\/es\/wp-json\/wp\/v2\/types\/latest_news"}],"version-history":[{"count":0,"href":"https:\/\/dug.org\/es\/wp-json\/wp\/v2\/latest_news\/5162\/revisions"}],"wp:attachment":[{"href":"https:\/\/dug.org\/es\/wp-json\/wp\/v2\/media?parent=5162"}],"curies":[{"name":"wp","href":"https:\/\/api.w.org\/{rel}","templated":true}]}}