{"id":5447,"date":"2024-10-21T00:00:00","date_gmt":"2024-10-21T00:00:00","guid":{"rendered":"http:\/\/dev-dug.flywheelsites.com\/dug-recibe-una-subvencion-del-usda-para-agricultura-urbana-y-produccion-innovadora\/"},"modified":"2025-03-21T20:40:27","modified_gmt":"2025-03-21T20:40:27","slug":"dug-recibe-una-subvencion-del-usda-para-agricultura-urbana-y-produccion-innovadora","status":"publish","type":"latest_news","link":"https:\/\/dug.org\/es\/latest-news\/dug-recibe-una-subvencion-del-usda-para-agricultura-urbana-y-produccion-innovadora\/","title":{"rendered":"DUG recibe una subvenci\u00f3n del USDA para agricultura urbana y producci\u00f3n innovadora"},"content":{"rendered":"[vc_row type=\u00bbin_container\u00bb full_screen_row_position=\u00bbmiddle\u00bb column_margin=\u00bbdefault\u00bb column_direction=\u00bbdefault\u00bb column_direction_tablet=\u00bbdefault\u00bb column_direction_phone=\u00bbdefault\u00bb scene_position=\u00bbcenter\u00bb text_color=\u00bbdark\u00bb text_align=\u00bbleft\u00bb row_border_radius=\u00bbnone\u00bb row_border_radius_applies=\u00bbbg\u00bb overflow=\u00bbvisible\u00bb overlay_strength=\u00bb0.3&#8243; gradient_direction=\u00bbleft_to_right\u00bb shape_divider_position=\u00bbbottom\u00bb bg_image_animation=\u00bbnone\u00bb][vc_column column_padding=\u00bbno-extra-padding\u00bb column_padding_tablet=\u00bbinherit\u00bb column_padding_phone=\u00bbinherit\u00bb column_padding_position=\u00bball\u00bb column_element_direction_desktop=\u00bbdefault\u00bb column_element_spacing=\u00bbdefault\u00bb desktop_text_alignment=\u00bbdefault\u00bb tablet_text_alignment=\u00bbdefault\u00bb phone_text_alignment=\u00bbdefault\u00bb background_color_opacity=\u00bb1&#8243; background_hover_color_opacity=\u00bb1&#8243; column_backdrop_filter=\u00bbnone\u00bb column_shadow=\u00bbnone\u00bb column_border_radius=\u00bbnone\u00bb column_link_target=\u00bb_self\u00bb column_position=\u00bbdefault\u00bb gradient_direction=\u00bbleft_to_right\u00bb overlay_strength=\u00bb0.3&#8243; width=\u00bb1\/1&#8243; tablet_width_inherit=\u00bbdefault\u00bb animation_type=\u00bbdefault\u00bb bg_image_animation=\u00bbnone\u00bb border_type=\u00bbsimple\u00bb column_border_width=\u00bbnone\u00bb column_border_style=\u00bbsolid\u00bb][vc_column_text text_direction=\u00bbdefault\u00bb]Estamos muy agradecidos por haber recibido este a\u00f1o una<a href=\"https:\/\/www.usda.gov\/topics\/urban\/grants\"> subvenci\u00f3n del USDA para Agricultura Urbana y Producci\u00f3n Innovadora<\/a>. Estas subvenciones competitivas inician o ampl\u00edan los esfuerzos de agricultores, jardineros, ciudadanos, funcionarios p\u00fablicos, escuelas y otras partes interesadas de zonas urbanas y suburbios. Como la mayor organizaci\u00f3n independiente sin \u00e1nimo de lucro de jardiner\u00eda comunitaria del pa\u00eds, Denver Urban Gardens (DUG) pretende utilizar esta ayuda para elevar nuestra <a href=\"https:\/\/dug.org\/dug-denver-west-area-plan\/\">Iniciativa Dig Deeper<\/a>. Los tres objetivos de DUG para esta subvenci\u00f3n incluyen:<\/p>\n<ol>\n<li>Aumentar la producci\u00f3n de alimentos frescos en comunidades con recursos limitados<\/li>\n<li>Disminuir las barreras de acceso a los alimentos frescos<\/li>\n<li>Aumentar las habilidades de crecimiento<\/li>\n<\/ol>\n<p>La culminaci\u00f3n de estos objetivos condujo a la creaci\u00f3n de la Iniciativa Dig Deeper. Esta nueva iniciativa apoya las operaciones de DUG, incluidos los bosques de alimentos, los huertos comunitarios y los programas educativos. Una forma primordial de alcanzar estos objetivos es construir nuevos <a href=\"https:\/\/dug.org\/gardens-and-forests\/\">jardines comunitarios y bosques de alimentos<\/a> en comunidades con pocos recursos, como la zona oeste de Denver, lo que conduce a reducir el impacto del efecto isla de calor y proporciona a la comunidad acceso a alimentos frescos y sanos. Esto, unido a la oferta de <a href=\"https:\/\/dug.org\/es\/aprenda\/\">oportunidades educativas<\/a> gratuitas y de bajo coste, ofrece una forma \u00fanica de apoyar la regeneraci\u00f3n verde urbana en el \u00e1rea metropolitana de Denver.   <\/p>\n<h4 style=\"text-align: center;\">Permanece atento a nuestros proyectos en curso sigui\u00e9ndonos en las redes sociales @denverurbangardens y <a class=\"waffle-rich-text-link\" href=\"https:\/\/dug.org\/es\/suscripcion-al-boletin-noticias-underground\/\">suscribi\u00e9ndote a nuestro bolet\u00edn de noticias <\/a> <\/h4>\n[\/vc_column_text][\/vc_column][\/vc_row]\n","protected":false},"featured_media":0,"template":"","class_list":{"0":"post-5447","1":"latest_news","2":"type-latest_news","3":"status-publish","5":"news_type-socios"},"acf":[],"aioseo_notices":[],"_links":{"self":[{"href":"https:\/\/dug.org\/es\/wp-json\/wp\/v2\/latest_news\/5447","targetHints":{"allow":["GET"]}}],"collection":[{"href":"https:\/\/dug.org\/es\/wp-json\/wp\/v2\/latest_news"}],"about":[{"href":"https:\/\/dug.org\/es\/wp-json\/wp\/v2\/types\/latest_news"}],"version-history":[{"count":0,"href":"https:\/\/dug.org\/es\/wp-json\/wp\/v2\/latest_news\/5447\/revisions"}],"wp:attachment":[{"href":"https:\/\/dug.org\/es\/wp-json\/wp\/v2\/media?parent=5447"}],"curies":[{"name":"wp","href":"https:\/\/api.w.org\/{rel}","templated":true}]}}