{"id":5449,"date":"2024-10-03T00:00:00","date_gmt":"2024-10-03T00:00:00","guid":{"rendered":"http:\/\/dev-dug.flywheelsites.com\/creciendo-generaciones-verdes-en-la-conferencia-acga-2024\/"},"modified":"2025-03-21T20:40:29","modified_gmt":"2025-03-21T20:40:29","slug":"creciendo-generaciones-verdes-en-la-conferencia-acga-2024","status":"publish","type":"latest_news","link":"https:\/\/dug.org\/es\/latest-news\/creciendo-generaciones-verdes-en-la-conferencia-acga-2024\/","title":{"rendered":"Creciendo Generaciones Verdes en la Conferencia ACGA 2024"},"content":{"rendered":"[vc_row type=\u00bbin_container\u00bb full_screen_row_position=\u00bbmiddle\u00bb column_margin=\u00bbdefault\u00bb column_direction=\u00bbdefault\u00bb column_direction_tablet=\u00bbdefault\u00bb column_direction_phone=\u00bbdefault\u00bb scene_position=\u00bbcenter\u00bb text_color=\u00bbdark\u00bb text_align=\u00bbleft\u00bb row_border_radius=\u00bbnone\u00bb row_border_radius_applies=\u00bbbg\u00bb overflow=\u00bbvisible\u00bb overlay_strength=\u00bb0.3&#8243; gradient_direction=\u00bbleft_to_right\u00bb shape_divider_position=\u00bbbottom\u00bb bg_image_animation=\u00bbnone\u00bb][vc_column column_padding=\u00bbno-extra-padding\u00bb column_padding_tablet=\u00bbinherit\u00bb column_padding_phone=\u00bbinherit\u00bb column_padding_position=\u00bball\u00bb column_element_direction_desktop=\u00bbdefault\u00bb column_element_spacing=\u00bbdefault\u00bb desktop_text_alignment=\u00bbdefault\u00bb tablet_text_alignment=\u00bbdefault\u00bb phone_text_alignment=\u00bbdefault\u00bb background_color_opacity=\u00bb1&#8243; background_hover_color_opacity=\u00bb1&#8243; column_backdrop_filter=\u00bbnone\u00bb column_shadow=\u00bbnone\u00bb column_border_radius=\u00bbnone\u00bb column_link_target=\u00bb_self\u00bb column_position=\u00bbdefault\u00bb gradient_direction=\u00bbleft_to_right\u00bb overlay_strength=\u00bb0.3&#8243; width=\u00bb1\/1&#8243; tablet_width_inherit=\u00bbdefault\u00bb animation_type=\u00bbdefault\u00bb bg_image_animation=\u00bbnone\u00bb border_type=\u00bbsimple\u00bb column_border_width=\u00bbnone\u00bb column_border_style=\u00bbsolid\u00bb][vc_column_text text_direction=\u00bbdefault\u00bb]\n<blockquote>\n<p style=\"text-align: center;\">\u00abEl tema de la conferencia de este a\u00f1o, Cultivar Generaciones Verdes: Jardiner\u00eda Comunitaria para un Futuro Sostenible, refleja el papel vital que desempe\u00f1an los huertos comunitarios en el fomento de la sostenibilidad, la construcci\u00f3n de comunidades m\u00e1s fuertes y la creaci\u00f3n de sistemas alimentarios resistentes\u00bb.<\/p>\n<p style=\"text-align: right;\">Cathy Walker, Presidenta de la Junta de ACGA<\/p>\n<\/blockquote>\n[\/vc_column_text][\/vc_column][\/vc_row][vc_row type=\u00bbin_container\u00bb full_screen_row_position=\u00bbmiddle\u00bb column_margin=\u00bbdefault\u00bb column_direction=\u00bbdefault\u00bb column_direction_tablet=\u00bbdefault\u00bb column_direction_phone=\u00bbdefault\u00bb scene_position=\u00bbcenter\u00bb text_color=\u00bbdark\u00bb text_align=\u00bbleft\u00bb row_border_radius=\u00bbnone\u00bb row_border_radius_applies=\u00bbbg\u00bb overflow=\u00bbvisible\u00bb overlay_strength=\u00bb0.3&#8243; gradient_direction=\u00bbleft_to_right\u00bb shape_divider_position=\u00bbbottom\u00bb bg_image_animation=\u00bbnone\u00bb][vc_column column_padding=\u00bbno-extra-padding\u00bb column_padding_tablet=\u00bbinherit\u00bb column_padding_phone=\u00bbinherit\u00bb column_padding_position=\u00bball\u00bb column_element_direction_desktop=\u00bbdefault\u00bb column_element_spacing=\u00bbdefault\u00bb desktop_text_alignment=\u00bbdefault\u00bb tablet_text_alignment=\u00bbdefault\u00bb phone_text_alignment=\u00bbdefault\u00bb background_color_opacity=\u00bb1&#8243; background_hover_color_opacity=\u00bb1&#8243; column_backdrop_filter=\u00bbnone\u00bb column_shadow=\u00bbnone\u00bb column_border_radius=\u00bbnone\u00bb column_link_target=\u00bb_self\u00bb column_position=\u00bbdefault\u00bb gradient_direction=\u00bbleft_to_right\u00bb overlay_strength=\u00bb0.3&#8243; width=\u00bb1\/1&#8243; tablet_width_inherit=\u00bbdefault\u00bb animation_type=\u00bbdefault\u00bb bg_image_animation=\u00bbnone\u00bb border_type=\u00bbsimple\u00bb column_border_width=\u00bbnone\u00bb column_border_style=\u00bbsolid\u00bb][divider line_type=\u00bbSmall Line\u00bb line_alignment=\u00bbcenter\u00bb line_thickness=\u00bb2&#8243; divider_color=\u00bbdefault\u00bb][\/vc_column][\/vc_row][vc_row type=\u00bbin_container\u00bb full_screen_row_position=\u00bbmiddle\u00bb column_margin=\u00bbdefault\u00bb column_direction=\u00bbdefault\u00bb column_direction_tablet=\u00bbdefault\u00bb column_direction_phone=\u00bbdefault\u00bb scene_position=\u00bbcenter\u00bb text_color=\u00bbdark\u00bb text_align=\u00bbleft\u00bb row_border_radius=\u00bbnone\u00bb row_border_radius_applies=\u00bbbg\u00bb overflow=\u00bbvisible\u00bb overlay_strength=\u00bb0.3&#8243; gradient_direction=\u00bbleft_to_right\u00bb shape_divider_position=\u00bbbottom\u00bb bg_image_animation=\u00bbnone\u00bb][vc_column column_padding=\u00bbno-extra-padding\u00bb column_padding_tablet=\u00bbinherit\u00bb column_padding_phone=\u00bbinherit\u00bb column_padding_position=\u00bball\u00bb column_element_direction_desktop=\u00bbdefault\u00bb column_element_spacing=\u00bbdefault\u00bb desktop_text_alignment=\u00bbdefault\u00bb tablet_text_alignment=\u00bbdefault\u00bb phone_text_alignment=\u00bbdefault\u00bb background_color_opacity=\u00bb1&#8243; background_hover_color_opacity=\u00bb1&#8243; column_backdrop_filter=\u00bbnone\u00bb column_shadow=\u00bbnone\u00bb column_border_radius=\u00bbnone\u00bb column_link_target=\u00bb_self\u00bb column_position=\u00bbdefault\u00bb gradient_direction=\u00bbleft_to_right\u00bb overlay_strength=\u00bb0.3&#8243; width=\u00bb1\/1&#8243; tablet_width_inherit=\u00bbdefault\u00bb animation_type=\u00bbdefault\u00bb bg_image_animation=\u00bbnone\u00bb border_type=\u00bbsimple\u00bb column_border_width=\u00bbnone\u00bb column_border_style=\u00bbsolid\u00bb][vc_column_text text_direction=\u00bbdefault\u00bb]La <a href=\"https:\/\/www.communitygarden.org\/event-details\/2024-acga-conference-wellesley-boston-ma\">Conferencia<\/a> 2024 <a href=\"https:\/\/www.communitygarden.org\/event-details\/2024-acga-conference-wellesley-boston-ma\">de la ACGA<\/a> se celebr\u00f3 en Wellesley y Boston, Massachusetts, del 26 al 28 de septiembre. El tema de este a\u00f1o, Cultivar Generaciones Verdes: Jardiner\u00eda Comunitaria para un Futuro Sostenible, reflexiona sobre la importancia de los espacios verdes urbanos en el bienestar de la comunidad. Organizada por la Asociaci\u00f3n Americana de Jardiner\u00eda Comunitaria (o ACGA, como se la conoce m\u00e1s com\u00fanmente), la conferencia se centr\u00f3 en el aprendizaje inmersivo y colaborativo, que incluy\u00f3 varias visitas a pr\u00f3speros espacios ajardinados comunitarios de Wellesley y Boston, as\u00ed como sesiones de talleres con temas cr\u00edticos como la accesibilidad en los espacios ajardinados y el bienestar de los j\u00f3venes. Esto se alinea con la misi\u00f3n de larga data de la organizaci\u00f3n de construir comunidad aumentando y mejorando la jardiner\u00eda comunitaria y los espacios verdes en todo Estados Unidos y Canad\u00e1. Desde 1979, la ACGA ha trabajado incansablemente para conectar personas, recursos e ideas que ayuden a fomentar comunidades sostenibles, sanas y vibrantes a trav\u00e9s de la jardiner\u00eda. Dos miembros del equipo de DUG asistieron a la conferencia y recogieron incre\u00edbles ideas sobre c\u00f3mo ciudades de fuera de Denver est\u00e1n haciendo realidad los huertos comunitarios. <a href=\"https:\/\/www.linkedin.com\/in\/kristi-hatakka-9b6a85266\/\">Kristi Hatakka<\/a>, Directora de Educaci\u00f3n Comunitaria de DUG, y <a href=\"https:\/\/www.linkedin.com\/in\/marisa-loury-603abb188\/\">Marisa Loury<\/a>, Directora de Liderazgo en Jardines de DUG, disfrutaron mucho de la amplia oferta educativa de las conferencias&#8230; pero para ambas, las visitas en persona a los jardines comunitarios fueron lo m\u00e1s destacado.    <\/p>\n<p style=\"text-align: left;\">Uno de esos recorridos consisti\u00f3 en visitar <a href=\"https:\/\/www.natickma.gov\/1273\/Community-Gardens\">los Jardines Comunitarios Erica Ball<\/a>, un exuberante espacio verde con parterres mixtos elevados y enterrados que se inaugur\u00f3 en 2022. Los asistentes pudieron explorar las fruct\u00edferas ofrendas de los manzanos, contemplar las esculturas y obras de arte, y debatir en tiempo real la accesibilidad de la ADA en los espacios ajardinados. Otra parada fue la visita al <a href=\"https:\/\/www.natickfarmersmarket.org\/\">Mercado de Granjeros de Natick<\/a>, donde los asistentes compartieron productos frescos y locales, se relajaron a la sombra y conversaron con amantes de la jardiner\u00eda de todo el pa\u00eds.  <\/p>\n<p style=\"text-align: left;\">Ni que decir tiene que nuestro equipo est\u00e1 encantado de poner en pr\u00e1ctica algunas de las grandes ideas y estrategias pr\u00e1cticas aprendidas durante la conferencia. Aunque el \u00e1rea metropolitana de Denver y nuestro clima de Front Range son realmente \u00fanicos en cuanto a c\u00f3mo pueden cultivar los jardineros, muchos de los temas tratados resuenan en cualquier parte. Desde acoger realmente a miembros de la comunidad de todas las edades hasta considerar pr\u00e1cticas sostenibles \u00fanicas que los jardineros pueden aplicar, no faltan \u00abpr\u00f3ximos pasos\u00bb que nuestro equipo puede dar. Permanece atento a los pr\u00f3ximos proyectos de nuestros <a href=\"https:\/\/dug.org\/gardens-and-forests\/\">huertos comunitarios y bosques alimentarios<\/a>.   <\/p>\n[\/vc_column_text][\/vc_column][\/vc_row][vc_row type=\u00bbin_container\u00bb full_screen_row_position=\u00bbmiddle\u00bb column_margin=\u00bbdefault\u00bb column_direction=\u00bbdefault\u00bb column_direction_tablet=\u00bbdefault\u00bb column_direction_phone=\u00bbdefault\u00bb scene_position=\u00bbcenter\u00bb text_color=\u00bbdark\u00bb text_align=\u00bbleft\u00bb row_border_radius=\u00bbnone\u00bb row_border_radius_applies=\u00bbbg\u00bb overflow=\u00bbvisible\u00bb overlay_strength=\u00bb0.3&#8243; gradient_direction=\u00bbleft_to_right\u00bb shape_divider_position=\u00bbbottom\u00bb bg_image_animation=\u00bbnone\u00bb][vc_column column_padding=\u00bbno-extra-padding\u00bb column_padding_tablet=\u00bbinherit\u00bb column_padding_phone=\u00bbinherit\u00bb column_padding_position=\u00bball\u00bb column_element_direction_desktop=\u00bbdefault\u00bb column_element_spacing=\u00bbdefault\u00bb desktop_text_alignment=\u00bbdefault\u00bb tablet_text_alignment=\u00bbdefault\u00bb phone_text_alignment=\u00bbdefault\u00bb background_color_opacity=\u00bb1&#8243; background_hover_color_opacity=\u00bb1&#8243; column_backdrop_filter=\u00bbnone\u00bb column_shadow=\u00bbnone\u00bb column_border_radius=\u00bbnone\u00bb column_link_target=\u00bb_self\u00bb column_position=\u00bbdefault\u00bb gradient_direction=\u00bbleft_to_right\u00bb overlay_strength=\u00bb0.3&#8243; width=\u00bb1\/1&#8243; tablet_width_inherit=\u00bbdefault\u00bb animation_type=\u00bbdefault\u00bb bg_image_animation=\u00bbnone\u00bb border_type=\u00bbsimple\u00bb column_border_width=\u00bbnone\u00bb column_border_style=\u00bbsolid\u00bb][vc_column_text text_direction=\u00bbdefault\u00bb]\n<h4 style=\"text-align: center;\">Galer\u00eda de fotos<\/h4>\n[\/vc_column_text][divider line_type=\u00bbNo Line\u00bb][vc_gallery type=\u00bbimage_grid\u00bb images=\u00bb543836,543838,543840,543842,543844,543846,543848,543850&#8243; image_grid_loading=\u00bbdefault\u00bb layout=\u00bb4&#8243; item_spacing=\u00bbdefault\u00bb gallery_style=\u00bb7&#8243; load_in_animation=\u00bbnone\u00bb][\/vc_column][\/vc_row]\n","protected":false},"featured_media":0,"template":"","class_list":{"0":"post-5449","1":"latest_news","2":"type-latest_news","3":"status-publish","5":"news_type-jardines-y-bosques-alimentarias"},"acf":[],"aioseo_notices":[],"_links":{"self":[{"href":"https:\/\/dug.org\/es\/wp-json\/wp\/v2\/latest_news\/5449","targetHints":{"allow":["GET"]}}],"collection":[{"href":"https:\/\/dug.org\/es\/wp-json\/wp\/v2\/latest_news"}],"about":[{"href":"https:\/\/dug.org\/es\/wp-json\/wp\/v2\/types\/latest_news"}],"version-history":[{"count":0,"href":"https:\/\/dug.org\/es\/wp-json\/wp\/v2\/latest_news\/5449\/revisions"}],"wp:attachment":[{"href":"https:\/\/dug.org\/es\/wp-json\/wp\/v2\/media?parent=5449"}],"curies":[{"name":"wp","href":"https:\/\/api.w.org\/{rel}","templated":true}]}}