{"id":7073,"date":"2021-11-30T00:00:00","date_gmt":"2021-11-30T00:00:00","guid":{"rendered":"http:\/\/dev-dug.flywheelsites.com\/dia-colorado-gives-2021\/"},"modified":"2025-03-21T20:35:57","modified_gmt":"2025-03-21T20:35:57","slug":"dia-colorado-gives-2021","status":"publish","type":"latest_news","link":"https:\/\/dug.org\/es\/latest-news\/dia-colorado-gives-2021\/","title":{"rendered":"D\u00eda Colorado Gives 2021"},"content":{"rendered":"[vc_row type=\u00bbin_container\u00bb full_screen_row_position=\u00bbmiddle\u00bb column_margin=\u00bbdefault\u00bb column_direction=\u00bbdefault\u00bb column_direction_tablet=\u00bbdefault\u00bb column_direction_phone=\u00bbdefault\u00bb scene_position=\u00bbcenter\u00bb text_color=\u00bbdark\u00bb text_align=\u00bbleft\u00bb row_border_radius=\u00bbnone\u00bb row_border_radius_applies=\u00bbbg\u00bb overlay_strength=\u00bb0.3&#8243; gradient_direction=\u00bbleft_to_right\u00bb shape_divider_position=\u00bbbottom\u00bb bg_image_animation=\u00bbnone\u00bb][vc_column column_padding=\u00bbno-extra-padding\u00bb column_padding_tablet=\u00bbinherit\u00bb column_padding_phone=\u00bbinherit\u00bb column_padding_position=\u00bball\u00bb background_color_opacity=\u00bb1&#8243; background_hover_color_opacity=\u00bb1&#8243; column_shadow=\u00bbnone\u00bb column_border_radius=\u00bbnone\u00bb column_link_target=\u00bb_self\u00bb gradient_direction=\u00bbleft_to_right\u00bb overlay_strength=\u00bb0.3&#8243; width=\u00bb1\/1&#8243; tablet_width_inherit=\u00bbdefault\u00bb tablet_text_alignment=\u00bbdefault\u00bb phone_text_alignment=\u00bbdefault\u00bb column_border_width=\u00bbnone\u00bb column_border_style=\u00bbsolid\u00bb bg_image_animation=\u00bbnone\u00bb][vc_column_text]\n<h3><strong>Colorado Gives Day, el mayor d\u00eda anual de donaciones de Colorado, est\u00e1 a la vuelta de la esquina. Le invitamos a apoyar nuestro creciente movimiento mientras plantamos las semillas de un 2022 abundante.  <\/strong><\/h3>\n<h4><strong>Apoyar a DUG en el Colorado Gives Day es una inversi\u00f3n en una mayor seguridad alimentaria, comunidades profundamente conectadas y un Denver metropolitano m\u00e1s verde lleno de gente pr\u00f3spera con las habilidades y recursos para construir un sistema alimentario localizado, pr\u00f3spero y saludable.<\/strong><\/h4>\n<p>Al hacer un donativo en el D\u00eda de Colorado Da, el impacto de su donaci\u00f3n aumenta al contar para que ganemos una parte de los 1,265 millones de d\u00f3lares.  <a href=\"https:\/\/www.coloradogives.org\/index.php?section=content&amp;action=dynamic&amp;cmsID=151\" target=\"_blank\" rel=\"noopener\" data-cke-saved-href=\"https:\/\/www.coloradogives.org\/index.php?section=content&amp;action=dynamic&amp;cmsID=151\">Fondo de Incentivos del D\u00eda Gives de Colorado<\/a>\u00a1! Todas las organizaciones sin \u00e1nimo de lucro participantes en el Colorado Gives Day ganan un porcentaje de la recaudaci\u00f3n, por lo que cuanto m\u00e1s recaudemos, m\u00e1s recibiremos.[\/vc_column_text][\/vc_column][\/vc_row][vc_row type=\u00bbin_container\u00bb full_screen_row_position=\u00bbmiddle\u00bb column_margin=\u00bbdefault\u00bb column_direction=\u00bbdefault\u00bb column_direction_tablet=\u00bbdefault\u00bb column_direction_phone=\u00bbdefault\u00bb scene_position=\u00bbcenter\u00bb text_color=\u00bbdark\u00bb text_align=\u00bbleft\u00bb row_border_radius=\u00bbnone\u00bb row_border_radius_applies=\u00bbbg\u00bb overlay_strength=\u00bb0.3&#8243; gradient_direction=\u00bbleft_to_right\u00bb shape_divider_position=\u00bbbottom\u00bb bg_image_animation=\u00bbnone\u00bb][vc_column column_padding=\u00bbno-extra-padding\u00bb column_padding_tablet=\u00bbinherit\u00bb column_padding_phone=\u00bbinherit\u00bb column_padding_position=\u00bball\u00bb background_color_opacity=\u00bb1&#8243; background_hover_color_opacity=\u00bb1&#8243; background_image=\u00bb528570&#8243; background_image_position=\u00bbcenter center\u00bb enable_bg_scale=\u00bbtrue\u00bb column_shadow=\u00bbnone\u00bb column_border_radius=\u00bbnone\u00bb column_link_target=\u00bb_self\u00bb gradient_direction=\u00bbleft_to_right\u00bb overlay_strength=\u00bb0.3&#8243; width=\u00bb1\/1&#8243; tablet_width_inherit=\u00bbdefault\u00bb tablet_text_alignment=\u00bbdefault\u00bb phone_text_alignment=\u00bbdefault\u00bb column_border_width=\u00bbnone\u00bb column_border_style=\u00bbsolid\u00bb bg_image_animation=\u00bbnone\u00bb][divider line_type=\u00bbNo Line\u00bb custom_height=\u00bb500&#8243;][\/vc_column][\/vc_row][vc_row type=\u00bbin_container\u00bb full_screen_row_position=\u00bbmiddle\u00bb column_margin=\u00bbdefault\u00bb column_direction=\u00bbdefault\u00bb column_direction_tablet=\u00bbdefault\u00bb column_direction_phone=\u00bbdefault\u00bb scene_position=\u00bbcenter\u00bb text_color=\u00bbdark\u00bb text_align=\u00bbleft\u00bb row_border_radius=\u00bbnone\u00bb row_border_radius_applies=\u00bbbg\u00bb overlay_strength=\u00bb0.3&#8243; gradient_direction=\u00bbleft_to_right\u00bb shape_divider_position=\u00bbbottom\u00bb bg_image_animation=\u00bbnone\u00bb][vc_column column_padding=\u00bbno-extra-padding\u00bb column_padding_tablet=\u00bbinherit\u00bb column_padding_phone=\u00bbinherit\u00bb column_padding_position=\u00bball\u00bb background_color_opacity=\u00bb1&#8243; background_hover_color_opacity=\u00bb1&#8243; column_shadow=\u00bbnone\u00bb column_border_radius=\u00bbnone\u00bb column_link_target=\u00bb_self\u00bb gradient_direction=\u00bbleft_to_right\u00bb overlay_strength=\u00bb0.3&#8243; width=\u00bb1\/1&#8243; tablet_width_inherit=\u00bbdefault\u00bb tablet_text_alignment=\u00bbdefault\u00bb phone_text_alignment=\u00bbdefault\u00bb column_border_width=\u00bbnone\u00bb column_border_style=\u00bbsolid\u00bb bg_image_animation=\u00bbnone\u00bb][vc_column_text]\n<h4><span style=\"font-weight: 400;\">En 2021, utilizando los fondos del Colorado Gives Day de 2020, hemos sido capaces de lograr un impacto vital en todo Metro Denver, incluyendo:  <\/span><\/h4>\n<ul>\n<li style=\"font-weight: 400;\" aria-level=\"1\">\n<h5><span style=\"font-weight: 400;\">Mejorar la equidad en nuestros jardines aumentando la accesibilidad a m\u00e1s de 25 jardines a trav\u00e9s de nuestra <\/span><a href=\"https:\/\/dug.org\/es\/iniciativa-de-infraestructuras-de-base-bii\/\"><br \/>\n  <span style=\"font-weight: 400;\">Iniciativa de infraestructuras b\u00e1sicas<\/span><br \/>\n<\/a><\/h5>\n<\/li>\n<li aria-level=\"1\">\n<h5>Incorporaci\u00f3n de puestos clave para el desarrollo de la mano de obra con la puesta en marcha de nuestro <a href=\"https:\/\/dug.org\/es\/hay-algunas-caras-nuevas-en-dug\/\">programa de aprendizaje y el Cuerpo DUG<\/a>.<\/h5>\n<\/li>\n<li style=\"font-weight: 400;\" aria-level=\"1\">\n<h5><span style=\"font-weight: 400;\">Activar a los jardineros para que donen m\u00e1s de 66.000 libras de alimentos  <\/span><\/h5>\n<\/li>\n<li style=\"font-weight: 400;\" aria-level=\"1\">\n<h5><span style=\"font-weight: 400;\">Distribuci\u00f3n de m\u00e1s de 15.000 plantas de semillero a trav\u00e9s del programa <a href=\"https:\/\/dug.org\/growagarden\">Cultiva un Huerto<\/a> y la Iniciativa de Infraestructuras de Base.  <\/span><\/h5>\n<\/li>\n<li style=\"font-weight: 400;\" aria-level=\"1\">\n<h5><span style=\"font-weight: 400;\">Lanzamiento de nuestra nueva <\/span><a href=\"https:\/\/dug.org\/es\/?page_id=533280\"><br \/>\n  <span style=\"font-weight: 400;\">plataforma de voluntariado<\/span><br \/>\n<\/a><span style=\"font-weight: 400;\"> para implicar mejor a nuestros m\u00e1s de 900 voluntarios, que han dedicado m\u00e1s de 2.000 horas a sus comunidades. <\/span> <\/h5>\n<\/li>\n<li style=\"font-weight: 400;\" aria-level=\"1\">\n<h5><span style=\"font-weight: 400;\">Proporcionar 1.456 comidas y apoyar a 186 estudiantes con clases de cocina saludable en 6 escuelas a trav\u00e9s de asociaciones locales.<\/span><\/h5>\n<\/li>\n<li style=\"font-weight: 400;\" aria-level=\"1\">\n<h5><span style=\"font-weight: 400;\">Ofrecer educaci\u00f3n ecol\u00f3gica a m\u00e1s de 1.027 miembros de la comunidad<\/span><\/h5>\n<\/li>\n<\/ul>\n<h3><span style=\"font-weight: 400;\">Cuando usted dona a DUG, su apoyo va m\u00e1s all\u00e1 de la cama del jard\u00edn, pero en la comunidad para toda la vida.<\/span><\/h3>\n[\/vc_column_text][\/vc_column][\/vc_row][vc_row type=\u00bbin_container\u00bb full_screen_row_position=\u00bbmiddle\u00bb column_margin=\u00bbdefault\u00bb column_direction=\u00bbdefault\u00bb column_direction_tablet=\u00bbdefault\u00bb column_direction_phone=\u00bbdefault\u00bb scene_position=\u00bbcenter\u00bb text_color=\u00bbdark\u00bb text_align=\u00bbleft\u00bb row_border_radius=\u00bbnone\u00bb row_border_radius_applies=\u00bbbg\u00bb overlay_strength=\u00bb0.3&#8243; gradient_direction=\u00bbleft_to_right\u00bb shape_divider_position=\u00bbbottom\u00bb bg_image_animation=\u00bbnone\u00bb][vc_column column_padding=\u00bbno-extra-padding\u00bb column_padding_tablet=\u00bbinherit\u00bb column_padding_phone=\u00bbinherit\u00bb column_padding_position=\u00bball\u00bb background_color_opacity=\u00bb1&#8243; background_hover_color_opacity=\u00bb1&#8243; column_shadow=\u00bbnone\u00bb column_border_radius=\u00bbnone\u00bb column_link_target=\u00bb_self\u00bb gradient_direction=\u00bbleft_to_right\u00bb overlay_strength=\u00bb0.3&#8243; width=\u00bb1\/1&#8243; tablet_width_inherit=\u00bbdefault\u00bb tablet_text_alignment=\u00bbdefault\u00bb phone_text_alignment=\u00bbdefault\u00bb column_border_width=\u00bbnone\u00bb column_border_style=\u00bbsolid\u00bb bg_image_animation=\u00bbnone\u00bb][nectar_btn size=\u00bbjumbo\u00bb open_new_tab=\u00bbtrue\u00bb button_style=\u00bbregular\u00bb button_color_2=\u00bbAccent-Color\u00bb icon_family=\u00bbnone\u00bb text=\u00bbPROGRAME HOY SU DONACI\u00d3N\u00bb url=\u00bbhttps:\/\/www.coloradogives.org\/DUG\/overview?step=step1&#8243; margin_left=\u00bb300&#8243; margin_right=\u00bb300&#8243;][\/vc_column][\/vc_row][vc_row type=\u00bbin_container\u00bb full_screen_row_position=\u00bbmiddle\u00bb column_margin=\u00bbdefault\u00bb column_direction=\u00bbdefault\u00bb column_direction_tablet=\u00bbdefault\u00bb column_direction_phone=\u00bbdefault\u00bb scene_position=\u00bbcenter\u00bb text_color=\u00bbdark\u00bb text_align=\u00bbleft\u00bb row_border_radius=\u00bbnone\u00bb row_border_radius_applies=\u00bbbg\u00bb overlay_strength=\u00bb0.3&#8243; gradient_direction=\u00bbleft_to_right\u00bb shape_divider_position=\u00bbbottom\u00bb bg_image_animation=\u00bbnone\u00bb][vc_column column_padding=\u00bbno-extra-padding\u00bb column_padding_tablet=\u00bbinherit\u00bb column_padding_phone=\u00bbinherit\u00bb column_padding_position=\u00bball\u00bb centered_text=\u00bbtrue\u00bb background_color_opacity=\u00bb1&#8243; background_hover_color_opacity=\u00bb1&#8243; column_shadow=\u00bbnone\u00bb column_border_radius=\u00bbnone\u00bb column_link_target=\u00bb_self\u00bb gradient_direction=\u00bbleft_to_right\u00bb overlay_strength=\u00bb0.3&#8243; width=\u00bb1\/1&#8243; tablet_width_inherit=\u00bbdefault\u00bb tablet_text_alignment=\u00bbdefault\u00bb phone_text_alignment=\u00bbdefault\u00bb column_border_width=\u00bbnone\u00bb column_border_style=\u00bbsolid\u00bb bg_image_animation=\u00bbnone\u00bb][image_with_animation image_url=\u00bb528617&#8243; animation=\u00bbFade In\u00bb hover_animation=\u00bbnone\u00bb alignment=\u00bb\u00bb border_radius=\u00bbnone\u00bb box_shadow=\u00bbnone\u00bb image_loading=\u00bbdefault\u00bb max_width=\u00bb100%\u00bb max_width_mobile=\u00bbdefault\u00bb][\/vc_column][\/vc_row]\n","protected":false},"featured_media":0,"template":"","class_list":{"0":"post-7073","1":"latest_news","2":"type-latest_news","3":"status-publish","5":"news_type-comunidad"},"acf":[],"aioseo_notices":[],"_links":{"self":[{"href":"https:\/\/dug.org\/es\/wp-json\/wp\/v2\/latest_news\/7073","targetHints":{"allow":["GET"]}}],"collection":[{"href":"https:\/\/dug.org\/es\/wp-json\/wp\/v2\/latest_news"}],"about":[{"href":"https:\/\/dug.org\/es\/wp-json\/wp\/v2\/types\/latest_news"}],"version-history":[{"count":0,"href":"https:\/\/dug.org\/es\/wp-json\/wp\/v2\/latest_news\/7073\/revisions"}],"wp:attachment":[{"href":"https:\/\/dug.org\/es\/wp-json\/wp\/v2\/media?parent=7073"}],"curies":[{"name":"wp","href":"https:\/\/api.w.org\/{rel}","templated":true}]}}