{"id":7098,"date":"2021-11-30T00:00:00","date_gmt":"2021-11-30T00:00:00","guid":{"rendered":"http:\/\/dev-dug.flywheelsites.com\/sanar-la-opresion-honrar-a-los-antepasados-y-ver-como-cambian-las-hojas\/"},"modified":"2025-03-21T20:35:59","modified_gmt":"2025-03-21T20:35:59","slug":"sanar-la-opresion-honrar-a-los-antepasados-y-ver-como-cambian-las-hojas","status":"publish","type":"latest_news","link":"https:\/\/dug.org\/es\/latest-news\/sanar-la-opresion-honrar-a-los-antepasados-y-ver-como-cambian-las-hojas\/","title":{"rendered":"Sanar la opresi\u00f3n, honrar a los antepasados y ver c\u00f3mo cambian las hojas"},"content":{"rendered":"[vc_row type=\u00bbin_container\u00bb full_screen_row_position=\u00bbmiddle\u00bb column_margin=\u00bbdefault\u00bb column_direction=\u00bbdefault\u00bb column_direction_tablet=\u00bbdefault\u00bb column_direction_phone=\u00bbdefault\u00bb scene_position=\u00bbcenter\u00bb text_color=\u00bbdark\u00bb text_align=\u00bbleft\u00bb row_border_radius=\u00bbnone\u00bb row_border_radius_applies=\u00bbbg\u00bb overlay_strength=\u00bb0.3&#8243; gradient_direction=\u00bbleft_to_right\u00bb shape_divider_position=\u00bbbottom\u00bb bg_image_animation=\u00bbnone\u00bb][vc_column column_padding=\u00bbno-extra-padding\u00bb column_padding_tablet=\u00bbinherit\u00bb column_padding_phone=\u00bbinherit\u00bb column_padding_position=\u00bball\u00bb background_color_opacity=\u00bb1&#8243; background_hover_color_opacity=\u00bb1&#8243; column_shadow=\u00bbnone\u00bb column_border_radius=\u00bbnone\u00bb column_link_target=\u00bb_self\u00bb gradient_direction=\u00bbleft_to_right\u00bb overlay_strength=\u00bb0.3&#8243; width=\u00bb1\/1&#8243; tablet_width_inherit=\u00bbdefault\u00bb tablet_text_alignment=\u00bbdefault\u00bb phone_text_alignment=\u00bbdefault\u00bb column_border_width=\u00bbnone\u00bb column_border_style=\u00bbsolid\u00bb bg_image_animation=\u00bbnone\u00bb][vc_column_text]\n<p style=\"text-align: right;\"><em>Autor: <a href=\"https:\/\/www.embodiedcontribution.com\/meet-leanne\">Leanne Alaman<\/a> de <a href=\"https:\/\/www.embodiedcontribution.com\/\">Embodied Contribution<\/a><\/em><\/p>\n[\/vc_column_text][vc_column_text]\n<p dir=\"ltr\"><strong>Se acerca el invierno y las hojas pintan su muerte inminente. Un mosaico de naranjas y rojos, destellos verdes superados por marrones, grises y manchas negras.<\/strong><\/p>\n<p dir=\"ltr\"><strong>Regalamos flores moribundas, no capullos, en se\u00f1al de amor.<\/strong>  Regalamos flores m\u00e1s cerca de la muerte porque es cuando son m\u00e1s bellas. Vivo en una sociedad que teme a la muerte, que la considera fea e impura. Hacemos todo lo posible por ocultarlo y escondernos de \u00e9l.<\/p>\n<h4 dir=\"ltr\">A pesar de nuestro miedo, el proceso de transformaci\u00f3n que incluye la muerte es tan hermoso que nos hipnotiza, nos encanta y nos atrae. Conducimos kil\u00f3metros para ver c\u00f3mo \u00abcambia\u00bb el permiso. Para ver morir las hojas.<\/h4>\n<p dir=\"ltr\"><strong>Las hojas moribundas est\u00e1n en proceso, en movimiento.<\/strong>  A medida que el naranja supera al verde, o\u00edmos los susurros de antiguas historias de ciclo, cambio y transformaci\u00f3n. Nos tranquilizamos al ver morir las hojas. Aliviado por la verdad de su historia. La verdad es belleza.<\/p>\n<h4 dir=\"ltr\">La verdad es que la vida cambiar\u00e1 y se transformar\u00e1.<\/h4>\n<p dir=\"ltr\"><strong>Puede dolerme o llevarme a un desenlace que no entiendo, como la muerte. Pero algo va bien cuando la vida cambia, no mal.<\/strong>  Las hojas me recuerdan la belleza inherente a los aspectos de la vida que no me gustan o no comprendo.<\/p>\n<p dir=\"ltr\"><strong>A pesar de mis protestas, la vida cambia y se transforma.<\/strong>  Para la vida, el cambio es movimiento y el movimiento es bueno. El estancamiento, la falta de movimiento, podr\u00eda considerarse malo. Si es que existen.<\/p>\n<p dir=\"ltr\">El estancamiento es p\u00fatrido; la piel herida del lugar se vuelve verde y se acumula baba. Mi trauma no sanado no puede ver esto.  <strong>Para mi trauma no sanado, el estancamiento se siente seguro. Ralentizo la vida. Lo congelo. Lo mantengo quieto. Lo vigilo&#8230;<\/strong><\/p>\n[\/vc_column_text][\/vc_column][\/vc_row][vc_row type=\u00bbin_container\u00bb full_screen_row_position=\u00bbmiddle\u00bb column_margin=\u00bbdefault\u00bb equal_height=\u00bbyes\u00bb column_direction=\u00bbdefault\u00bb column_direction_tablet=\u00bbdefault\u00bb column_direction_phone=\u00bbdefault\u00bb scene_position=\u00bbcenter\u00bb text_color=\u00bbdark\u00bb text_align=\u00bbleft\u00bb row_border_radius=\u00bbnone\u00bb row_border_radius_applies=\u00bbbg\u00bb overlay_strength=\u00bb0.3&#8243; gradient_direction=\u00bbleft_to_right\u00bb shape_divider_position=\u00bbbottom\u00bb bg_image_animation=\u00bbnone\u00bb shape_type=\u00bb\u00bb][vc_column column_padding=\u00bbpadding-4-percent\u00bb column_padding_tablet=\u00bbinherit\u00bb column_padding_phone=\u00bbinherit\u00bb column_padding_position=\u00bbright\u00bb background_color_opacity=\u00bb1&#8243; background_hover_color_opacity=\u00bb1&#8243; column_shadow=\u00bbnone\u00bb column_border_radius=\u00bbnone\u00bb column_link_target=\u00bb_self\u00bb gradient_direction=\u00bbleft_to_right\u00bb overlay_strength=\u00bb0.3&#8243; width=\u00bb1\/2&#8243; tablet_width_inherit=\u00bbdefault\u00bb tablet_text_alignment=\u00bbdefault\u00bb phone_text_alignment=\u00bbdefault\u00bb column_border_width=\u00bbnone\u00bb column_border_style=\u00bbsolid\u00bb bg_image_animation=\u00bbnone\u00bb][vc_column_text]\n<h4 dir=\"ltr\">El cambio y la transformaci\u00f3n est\u00e1n vivos. Para mi trauma, la vitalidad es demasiado salvaje. Es incontrolable e imprevisible. La vitalidad parece amenazadora dentro de una visi\u00f3n traumatizada del mundo. Una visi\u00f3n colonizada del mundo.<\/h4>\n<p dir=\"ltr\">Dentro de esta visi\u00f3n del mundo, no conf\u00edo en la vida, lucho contra la vida. No conf\u00edo en el cambio, lucho contra el cambio. No conf\u00edo en la transformaci\u00f3n, lucho contra la transformaci\u00f3n. No conf\u00edo en la muerte, lucho contra ella.<\/p>\n<p dir=\"ltr\"><strong>Luchar contra la vida ha sido mi forma de vida.<\/strong>  Luch\u00e9 contra la realidad de la p\u00e9rdida, la realidad de mi propia humanidad (mis sentimientos) y la realidad de otros seres humanos. Luch\u00e9 y gan\u00e9.<\/p>\n<p dir=\"ltr\">Gan\u00e9 el cambio clim\u00e1tico, los sistemas de opresi\u00f3n y la tensi\u00f3n e inflamaci\u00f3n de mi cuerpo. Mi cuerpo llam\u00f3 a <em>Leanne<\/em>. Mi cuerpo llamado <em>Humanidad<\/em>. Mi cuerpo llam\u00f3 a <em>la Madre Tierra.<\/em><\/p>\n<p dir=\"ltr\"><strong>Mis hombros se hunden bajo el peso de mis trofeos.<\/strong><\/p>\n<h4 dir=\"ltr\">Recientemente, he notado que las hojas de la opresi\u00f3n est\u00e1n cambiando. El cambio y la transformaci\u00f3n est\u00e1n haciendo su trabajo sagrado; est\u00e1n sanando.<\/h4>\n<p dir=\"ltr\"><strong>Curado es maravilloso.<\/strong>  La cicatrizaci\u00f3n es una tarea delicada, llena de pus, inflamada y aterradora.<\/p>\n<p dir=\"ltr\"><strong>Dondequiera que miro, veo curaci\u00f3n.<\/strong>  La gente se inflama. Son tiernos y crudos. Est\u00e1n escarbando en sus heridas para eliminar los restos. Permiten que el proceso de curaci\u00f3n transforme sus heridas en cicatrices.<\/p>\n<p dir=\"ltr\"><strong>No siempre recuerdo que nos estamos curando.<\/strong>  A veces parece que algo va mal. Hurgo en mi propia carne cruda y tierna para arrancar los fragmentos que impiden mi curaci\u00f3n. El dolor es insoportable. Algo debe andar mal.<\/p>\n[\/vc_column_text][divider line_type=\u00bbNo Line\u00bb custom_height=\u00bb10&#8243;][\/vc_column][vc_column column_padding=\u00bbno-extra-padding\u00bb column_padding_tablet=\u00bbinherit\u00bb column_padding_phone=\u00bbinherit\u00bb column_padding_position=\u00bball\u00bb centered_text=\u00bbtrue\u00bb background_color_opacity=\u00bb1&#8243; background_hover_color_opacity=\u00bb1&#8243; background_image=\u00bb528595&#8243; background_image_position=\u00bbcenter center\u00bb enable_bg_scale=\u00bbtrue\u00bb column_shadow=\u00bbnone\u00bb column_border_radius=\u00bbnone\u00bb column_link_target=\u00bb_self\u00bb gradient_direction=\u00bbleft_to_right\u00bb overlay_strength=\u00bb0.3&#8243; width=\u00bb1\/2&#8243; tablet_width_inherit=\u00bbdefault\u00bb tablet_text_alignment=\u00bbdefault\u00bb phone_text_alignment=\u00bbdefault\u00bb column_border_width=\u00bbnone\u00bb column_border_style=\u00bbsolid\u00bb bg_image_animation=\u00bbnone\u00bb][divider line_type=\u00bbNo Line\u00bb custom_height=\u00bb620&#8243;][\/vc_column][\/vc_row][vc_row type=\u00bbin_container\u00bb full_screen_row_position=\u00bbmiddle\u00bb column_margin=\u00bbdefault\u00bb column_direction=\u00bbdefault\u00bb column_direction_tablet=\u00bbdefault\u00bb column_direction_phone=\u00bbdefault\u00bb scene_position=\u00bbcenter\u00bb text_color=\u00bbdark\u00bb text_align=\u00bbleft\u00bb row_border_radius=\u00bbnone\u00bb row_border_radius_applies=\u00bbbg\u00bb overlay_strength=\u00bb0.3&#8243; gradient_direction=\u00bbleft_to_right\u00bb shape_divider_position=\u00bbbottom\u00bb bg_image_animation=\u00bbnone\u00bb][vc_column column_padding=\u00bbno-extra-padding\u00bb column_padding_tablet=\u00bbinherit\u00bb column_padding_phone=\u00bbinherit\u00bb column_padding_position=\u00bball\u00bb background_color_opacity=\u00bb1&#8243; background_hover_color_opacity=\u00bb1&#8243; column_shadow=\u00bbnone\u00bb column_border_radius=\u00bbnone\u00bb column_link_target=\u00bb_self\u00bb gradient_direction=\u00bbleft_to_right\u00bb overlay_strength=\u00bb0.3&#8243; width=\u00bb1\/1&#8243; tablet_width_inherit=\u00bbdefault\u00bb tablet_text_alignment=\u00bbdefault\u00bb phone_text_alignment=\u00bbdefault\u00bb column_border_width=\u00bbnone\u00bb column_border_style=\u00bbsolid\u00bb bg_image_animation=\u00bbnone\u00bb][vc_column_text]\n<h4 dir=\"ltr\">Sigo indagando porque s\u00e9 que algo va bien. Estoy limpiando la herida para que el proceso de cambio la cierre por completo. M\u00e1s tarde, me maravillar\u00e9 de lo suave que es la cicatriz. Apenas se nota.<\/h4>\n<p dir=\"ltr\">Hoy, las esquirlas que encuentro en mi herida son mi miedo a la fragilidad de mi cuerpo humano, mi verg\u00fcenza de no ser lo bastante buena y de no serlo nunca, y mi p\u00e1nico a estar absoluta e irremediablemente sola.<\/p>\n<p dir=\"ltr\">Hoy estoy con la familia. Como alguien con una herida sin cicatrizar llena de punzantes esquirlas de miedo, verg\u00fcenza y p\u00e1nico, me convierto en una persona peligrosa y opresiva en un instante.<\/p>\n<p dir=\"ltr\"><strong>Vivir con cristales en una herida sin cicatrizar es una forma intensa de vivir.<\/strong>  Cuando alguien me toca inocentemente el brazo, grito de dolor y aparto la mano de un manotazo. Me siento involuntaria e intensamente a la defensiva.<\/p>\n<p dir=\"ltr\">Me prometo que mantendr\u00e9 la calma. Yo mediar\u00e9. Esta vez lo voy a conseguir. Entonces, sucede: alguien comparte una creencia.<\/p>\n<p dir=\"ltr\">El tono argumentativo y farisaico de mi voz es ensordecedor. Apenas oigo lo que pasa despu\u00e9s. Observo el choque de trenes, desconcertado por lo r\u00e1pido que he perdido el control. Me pitan los o\u00eddos.<\/p>\n<p dir=\"ltr\">Cuando vuelvo a encontrarme a m\u00ed mismo, me asquean mis expresiones agresivas de dolor. Me retiro a una habitaci\u00f3n oscura y tranquila para aclarar lo sucedido. Rebusco en la herida, encuentro cada astilla brillante y lloro.<\/p>\n<p dir=\"ltr\">Mi actitud defensiva es involuntaria. Un familiar me dice lo que cree sobre la vida y yo grito antes de darme cuenta de que estoy gritando.<\/p>\n<p dir=\"ltr\"><strong>Con el tiempo, a medida que me quito el cristal y las heridas empiezan a cicatrizar, cada vez estoy menos herido. Ya no reacciono cuando la gente comparte sus creencias.<\/strong><\/p>\n<p dir=\"ltr\"><strong>Cuando la herida est\u00e1 curada, no hay nada afilado en m\u00ed que pinchar.<\/strong>  No grito cuando la vida de alguien toca la m\u00eda. Un ser querido cree algo y estoy ileso. No hay ning\u00fan fragmento de p\u00e1nico que pinchar. No me siento insoportablemente solo, por lo que no me siento desesperado por forzar el acuerdo y evitar el dolor del aislamiento.<\/p>\n<p dir=\"ltr\">Mantengo un di\u00e1logo interior amplio y racional sobre c\u00f3mo quiero responder.  <strong>A veces respondo simplemente sintiendo la pena, el miedo o la alienaci\u00f3n que surgen cuando me doy cuenta de que creen lo que creen.<\/strong><\/p>\n[\/vc_column_text][\/vc_column][\/vc_row][vc_row type=\u00bbin_container\u00bb full_screen_row_position=\u00bbmiddle\u00bb column_margin=\u00bbdefault\u00bb equal_height=\u00bbyes\u00bb column_direction=\u00bbdefault\u00bb column_direction_tablet=\u00bbdefault\u00bb column_direction_phone=\u00bbdefault\u00bb scene_position=\u00bbcenter\u00bb text_color=\u00bbdark\u00bb text_align=\u00bbleft\u00bb row_border_radius=\u00bbnone\u00bb row_border_radius_applies=\u00bbbg\u00bb overlay_strength=\u00bb0.3&#8243; gradient_direction=\u00bbleft_to_right\u00bb shape_divider_position=\u00bbbottom\u00bb bg_image_animation=\u00bbnone\u00bb shape_type=\u00bb\u00bb][vc_column column_padding=\u00bbno-extra-padding\u00bb column_padding_tablet=\u00bbinherit\u00bb column_padding_phone=\u00bbinherit\u00bb column_padding_position=\u00bball\u00bb background_color_opacity=\u00bb1&#8243; background_hover_color_opacity=\u00bb1&#8243; background_image=\u00bb528593&#8243; background_image_position=\u00bbcenter center\u00bb enable_bg_scale=\u00bbtrue\u00bb column_shadow=\u00bbnone\u00bb column_border_radius=\u00bbnone\u00bb column_link_target=\u00bb_self\u00bb gradient_direction=\u00bbleft_to_right\u00bb overlay_strength=\u00bb0.3&#8243; width=\u00bb1\/2&#8243; tablet_width_inherit=\u00bbdefault\u00bb tablet_text_alignment=\u00bbdefault\u00bb phone_text_alignment=\u00bbdefault\u00bb column_border_width=\u00bbnone\u00bb column_border_style=\u00bbsolid\u00bb bg_image_animation=\u00bbnone\u00bb][\/vc_column][vc_column column_padding=\u00bbpadding-3-percent\u00bb column_padding_tablet=\u00bbinherit\u00bb column_padding_phone=\u00bbinherit\u00bb column_padding_position=\u00bbleft\u00bb background_color_opacity=\u00bb1&#8243; background_hover_color_opacity=\u00bb1&#8243; column_shadow=\u00bbnone\u00bb column_border_radius=\u00bbnone\u00bb column_link_target=\u00bb_self\u00bb gradient_direction=\u00bbleft_to_right\u00bb overlay_strength=\u00bb0.3&#8243; width=\u00bb1\/2&#8243; tablet_width_inherit=\u00bbdefault\u00bb tablet_text_alignment=\u00bbdefault\u00bb phone_text_alignment=\u00bbdefault\u00bb column_border_width=\u00bbnone\u00bb column_border_style=\u00bbsolid\u00bb bg_image_animation=\u00bbnone\u00bb][vc_column_text]\n<h4 dir=\"ltr\">Es un cambio de mi comportamiento opresivo a un comportamiento liberador. En la visi\u00f3n del mundo del trauma que se institucionaliz\u00f3 en los sistemas opresivos, busco controlar cualquier cosa que considere m\u00e1s poderosa que yo.<\/h4>\n<p dir=\"ltr\">Parece como si la creencia de otra persona me hiciera perder la calma. Parece que su creencia es m\u00e1s fuerte que yo, as\u00ed que lucho contra ella, la controlo, la reprimo.<\/p>\n<p dir=\"ltr\"><strong>S\u00f3lo busco controlar y reprimir lo que me parece m\u00e1s poderoso que yo.<\/strong> Nunca oprimo a los gatitos. No les tengo miedo. Pero cuando pasa un le\u00f3n, empiezo a reflexionar sobre el valor de las jaulas.<\/p>\n<p dir=\"ltr\">Quiz\u00e1 coja un l\u00e1tigo, por si acaso. Hacer da\u00f1o a los dem\u00e1s est\u00e1 justificado dentro de esta visi\u00f3n del mundo. Hacer da\u00f1o a los dem\u00e1s se siente como una acci\u00f3n defensiva y cualquier acci\u00f3n defensiva est\u00e1 justificada. Peor a\u00fan, cualquier acci\u00f3n ofensiva parece una acci\u00f3n defensiva dentro de esta visi\u00f3n del mundo. Un ataque preventivo es v\u00e1lido, est\u00e1 justificado y es claramente una buena idea.<\/p>\n<p dir=\"ltr\"><strong>Ya veo c\u00f3mo hemos llegado a este punto de la historia de la humanidad. Todav\u00eda hay cristal en la herida, por lo que no cicatriza.<\/strong>  Como resultado, todo el mundo parece una amenaza.<\/p>\n[\/vc_column_text][\/vc_column][\/vc_row][vc_row type=\u00bbin_container\u00bb full_screen_row_position=\u00bbmiddle\u00bb column_margin=\u00bbdefault\u00bb column_direction=\u00bbdefault\u00bb column_direction_tablet=\u00bbdefault\u00bb column_direction_phone=\u00bbdefault\u00bb scene_position=\u00bbcenter\u00bb text_color=\u00bbdark\u00bb text_align=\u00bbleft\u00bb row_border_radius=\u00bbnone\u00bb row_border_radius_applies=\u00bbbg\u00bb overlay_strength=\u00bb0.3&#8243; gradient_direction=\u00bbleft_to_right\u00bb shape_divider_position=\u00bbbottom\u00bb bg_image_animation=\u00bbnone\u00bb][vc_column column_padding=\u00bbno-extra-padding\u00bb column_padding_tablet=\u00bbinherit\u00bb column_padding_phone=\u00bbinherit\u00bb column_padding_position=\u00bball\u00bb background_color_opacity=\u00bb1&#8243; background_hover_color_opacity=\u00bb1&#8243; column_shadow=\u00bbnone\u00bb column_border_radius=\u00bbnone\u00bb column_link_target=\u00bb_self\u00bb gradient_direction=\u00bbleft_to_right\u00bb overlay_strength=\u00bb0.3&#8243; width=\u00bb1\/1&#8243; tablet_width_inherit=\u00bbdefault\u00bb tablet_text_alignment=\u00bbdefault\u00bb phone_text_alignment=\u00bbdefault\u00bb column_border_width=\u00bbnone\u00bb column_border_style=\u00bbsolid\u00bb bg_image_animation=\u00bbnone\u00bb][vc_column_text]\n<h4 dir=\"ltr\">Ni mis antepasados ni los tuyos dispusieron del tiempo, el espacio y la seguridad necesarios para curarse. Hab\u00eda que sobrevivir y alimentar a los ni\u00f1os. Las p\u00e9rdidas, el dolor, el miedo y la verg\u00fcenza eran abrumadores. Se necesita tiempo en una habitaci\u00f3n oscura y tranquila para entender lo ocurrido y empezar a curarse.<\/h4>\n<p dir=\"ltr\"><strong>Nuestros antepasados no pod\u00edan curarse r\u00e1pidamente s\u00f3lo porque lo necesitaran.<\/strong>  No pod\u00edan detener el movimiento de la vida s\u00f3lo porque no estaban preparados. Hicieron lo que pudieron. Sofocaban sus sentimientos y necesidades y se esclavizaban. Se volvieron duros como clavos.<\/p>\n<p dir=\"ltr\"><strong>Ofrec\u00edan su trabajo como sacrificio humano. Una oraci\u00f3n en vida a cambio de una bendici\u00f3n futura: Una vida mejor para sus hijos y nietos.<\/strong><\/p>\n<p dir=\"ltr\">Funcion\u00f3. Cosechamos la bendici\u00f3n de tiempo, espacio y seguridad que ellos sembraron. Un colch\u00f3n de privilegios que nunca tuvieron. La utilizamos para curarnos y convertirnos en artistas en lugar de m\u00e9dicos.<\/p>\n<p dir=\"ltr\"><strong>Ahora no nos entienden, y nosotros no les entendemos a ellos.<\/strong>  Como hijos y nietos, vemos la dureza de nuestros abuelos y su negativa a aceptar ayuda y pensamos que son demasiado duros. Nuestros abuelos ven nuestra expresividad y nuestra capacidad para descansar y piensan que somos demasiado blandos.<\/p>\n[\/vc_column_text][vc_row_inner equal_height=\u00bbyes\u00bb column_margin=\u00bbdefault\u00bb column_direction=\u00bbdefault\u00bb column_direction_tablet=\u00bbdefault\u00bb column_direction_phone=\u00bbdefault\u00bb top_padding=\u00bb20&#8243; text_align=\u00bbleft\u00bb][vc_column_inner column_padding=\u00bbpadding-3-percent\u00bb column_padding_tablet=\u00bbinherit\u00bb column_padding_phone=\u00bbinherit\u00bb column_padding_position=\u00bbright\u00bb background_color_opacity=\u00bb1&#8243; background_hover_color_opacity=\u00bb1&#8243; column_shadow=\u00bbnone\u00bb column_border_radius=\u00bbnone\u00bb column_link_target=\u00bb_self\u00bb gradient_direction=\u00bbleft_to_right\u00bb overlay_strength=\u00bb0.3&#8243; width=\u00bb1\/2&#8243; tablet_width_inherit=\u00bbdefault\u00bb column_border_width=\u00bbnone\u00bb column_border_style=\u00bbsolid\u00bb bg_image_animation=\u00bbnone\u00bb][vc_column_text]\n<h4 dir=\"ltr\">Que recuerden que esto es lo que quer\u00edan para nosotros. Que podamos cantar sin cesar la gratitud por su sacrificio en vida. Que todos nos beneficiemos del tiempo, el espacio y la seguridad para dar movimiento al estancamiento, recoger el cristal de nuestras heridas y sanar.<\/h4>\n<p dir=\"ltr\"><strong>Ahora lo veo. El trabajo de mis abuelos era ser irrompibles, y mi trabajo es romper todo lo que ellos no pudieron.<\/strong>  Para arrancar las vendas, hurgar en las heridas sin cicatrizar y sentir hasta el \u00faltimo resquicio de lo que no pod\u00edan sentir.<\/p>\n<p dir=\"ltr\"><strong>Doy honor y respeto a mis antepasados y a los vuestros.<\/strong><\/p>\n<h4 dir=\"ltr\">Que nuestra curaci\u00f3n te traiga curaci\u00f3n. Que nuestra suavidad vuelva a trav\u00e9s del tiempo para amortiguarte. Que est\u00e9s en paz sabiendo que cumpliste tu objetivo, y nosotros cumpliremos el nuestro.<\/h4>\n<p dir=\"ltr\">Las hojas est\u00e1n cambiando y me siento agradecida y aterrorizada de estar viva.<\/p>\n[\/vc_column_text][\/vc_column_inner][vc_column_inner column_padding=\u00bbno-extra-padding\u00bb column_padding_tablet=\u00bbinherit\u00bb column_padding_phone=\u00bbinherit\u00bb column_padding_position=\u00bball\u00bb background_color_opacity=\u00bb1&#8243; background_hover_color_opacity=\u00bb1&#8243; background_image=\u00bb528597&#8243; background_image_position=\u00bbcenter center\u00bb enable_bg_scale=\u00bbtrue\u00bb column_shadow=\u00bbnone\u00bb column_border_radius=\u00bbnone\u00bb column_link_target=\u00bb_self\u00bb gradient_direction=\u00bbleft_to_right\u00bb overlay_strength=\u00bb0.3&#8243; width=\u00bb1\/2&#8243; tablet_width_inherit=\u00bbdefault\u00bb column_border_width=\u00bbnone\u00bb column_border_style=\u00bbsolid\u00bb bg_image_animation=\u00bbnone\u00bb][\/vc_column_inner][\/vc_row_inner][\/vc_column][\/vc_row][vc_row type=\u00bbin_container\u00bb full_screen_row_position=\u00bbmiddle\u00bb column_margin=\u00bbdefault\u00bb column_direction=\u00bbdefault\u00bb column_direction_tablet=\u00bbdefault\u00bb column_direction_phone=\u00bbdefault\u00bb bg_color=\u00bb#373737&#8243; scene_position=\u00bbcenter\u00bb text_color=\u00bblight\u00bb text_align=\u00bbleft\u00bb row_border_radius=\u00bbnone\u00bb row_border_radius_applies=\u00bbbg\u00bb overlay_strength=\u00bb0.3&#8243; gradient_direction=\u00bbleft_to_right\u00bb shape_divider_position=\u00bbbottom\u00bb bg_image_animation=\u00bbnone\u00bb shape_type=\u00bb\u00bb][vc_column column_padding=\u00bbpadding-2-percent\u00bb column_padding_tablet=\u00bbinherit\u00bb column_padding_phone=\u00bbinherit\u00bb column_padding_position=\u00bball\u00bb background_color_opacity=\u00bb1&#8243; background_hover_color_opacity=\u00bb1&#8243; column_shadow=\u00bbnone\u00bb column_border_radius=\u00bbnone\u00bb column_link_target=\u00bb_self\u00bb gradient_direction=\u00bbleft_to_right\u00bb overlay_strength=\u00bb0.3&#8243; width=\u00bb1\/1&#8243; tablet_width_inherit=\u00bbdefault\u00bb tablet_text_alignment=\u00bbdefault\u00bb phone_text_alignment=\u00bbdefault\u00bb column_border_width=\u00bbnone\u00bb column_border_style=\u00bbsolid\u00bb bg_image_animation=\u00bbnone\u00bb][vc_column_text]\n<h3 style=\"text-align: center;\"><span id=\"m_-2053868585290373495gmail-docs-internal-guid-19a6697e-7fff-d433-05dd-8ed0210c2b53\">\u00danase a Leanne en su<span style=\"color: #d1ea2f;\"><br \/>\n  <a style=\"color: #d1ea2f;\" href=\"https:\/\/www.eventbrite.com\/e\/intention-resolution-new-years-day-2022-tickets-208349658437\" target=\"_blank\" rel=\"noopener\" data-saferedirecturl=\"https:\/\/www.google.com\/url?q=https:\/\/www.eventbrite.com\/e\/intention-resolution-new-years-day-2022-tickets-208349658437&amp;source=gmail&amp;ust=1638315729754000&amp;usg=AOvVaw20mBgplqLsPUXxr2WWXh3p\"> Evento de A\u00f1o Nuevo <\/a><br \/>\n<\/span>y<br \/>\nempezar 2022 con curaci\u00f3n e intenci\u00f3n.  <\/span><\/h3>\n<div><\/div>\n[\/vc_column_text][\/vc_column][\/vc_row][vc_row type=\u00bbin_container\u00bb full_screen_row_position=\u00bbmiddle\u00bb column_margin=\u00bbdefault\u00bb column_direction=\u00bbdefault\u00bb column_direction_tablet=\u00bbdefault\u00bb column_direction_phone=\u00bbdefault\u00bb scene_position=\u00bbcenter\u00bb text_color=\u00bbdark\u00bb text_align=\u00bbleft\u00bb row_border_radius=\u00bbnone\u00bb row_border_radius_applies=\u00bbbg\u00bb overlay_strength=\u00bb0.3&#8243; gradient_direction=\u00bbleft_to_right\u00bb shape_divider_position=\u00bbbottom\u00bb bg_image_animation=\u00bbnone\u00bb][vc_column column_padding=\u00bbno-extra-padding\u00bb column_padding_tablet=\u00bbinherit\u00bb column_padding_phone=\u00bbinherit\u00bb column_padding_position=\u00bball\u00bb centered_text=\u00bbtrue\u00bb background_color_opacity=\u00bb1&#8243; background_hover_color_opacity=\u00bb1&#8243; column_shadow=\u00bbnone\u00bb column_border_radius=\u00bbnone\u00bb column_link_target=\u00bb_self\u00bb gradient_direction=\u00bbleft_to_right\u00bb overlay_strength=\u00bb0.3&#8243; width=\u00bb1\/1&#8243; tablet_width_inherit=\u00bbdefault\u00bb tablet_text_alignment=\u00bbdefault\u00bb phone_text_alignment=\u00bbdefault\u00bb column_border_width=\u00bbnone\u00bb column_border_style=\u00bbsolid\u00bb bg_image_animation=\u00bbnone\u00bb][divider line_type=\u00bbSmall Line\u00bb line_alignment=\u00bbdefault\u00bb line_thickness=\u00bb1&#8243; divider_color=\u00bbdefault\u00bb][vc_column_text]\n<h5 style=\"text-align: left;\">Hasta la pr\u00f3xima&#8230; \u00a1profundiza y descubre!<\/h5>\n[\/vc_column_text][\/vc_column][\/vc_row][vc_row type=\u00bbin_container\u00bb full_screen_row_position=\u00bbmiddle\u00bb column_margin=\u00bbdefault\u00bb column_direction=\u00bbdefault\u00bb column_direction_tablet=\u00bbdefault\u00bb column_direction_phone=\u00bbdefault\u00bb scene_position=\u00bbcenter\u00bb text_color=\u00bbdark\u00bb text_align=\u00bbleft\u00bb row_border_radius=\u00bbnone\u00bb row_border_radius_applies=\u00bbbg\u00bb overlay_strength=\u00bb0.3&#8243; gradient_direction=\u00bbleft_to_right\u00bb shape_divider_position=\u00bbbottom\u00bb bg_image_animation=\u00bbnone\u00bb][vc_column column_padding=\u00bbno-extra-padding\u00bb column_padding_tablet=\u00bbinherit\u00bb column_padding_phone=\u00bbinherit\u00bb column_padding_position=\u00bball\u00bb centered_text=\u00bbtrue\u00bb background_color_opacity=\u00bb1&#8243; background_hover_color_opacity=\u00bb1&#8243; column_shadow=\u00bbnone\u00bb column_border_radius=\u00bbnone\u00bb column_link_target=\u00bb_self\u00bb gradient_direction=\u00bbleft_to_right\u00bb overlay_strength=\u00bb0.3&#8243; width=\u00bb1\/3&#8243; tablet_width_inherit=\u00bbdefault\u00bb tablet_text_alignment=\u00bbdefault\u00bb phone_text_alignment=\u00bbdefault\u00bb column_border_width=\u00bbnone\u00bb column_border_style=\u00bbsolid\u00bb bg_image_animation=\u00bbnone\u00bb][image_with_animation image_url=\u00bb528291&#8243; animation=\u00bbFade In\u00bb hover_animation=\u00bbnone\u00bb alignment=\u00bbcenter\u00bb border_radius=\u00bbnone\u00bb box_shadow=\u00bbnone\u00bb image_loading=\u00bbdefault\u00bb max_width=\u00bb75%\u00bb max_width_mobile=\u00bbdefault\u00bb][\/vc_column][vc_column column_padding=\u00bbno-extra-padding\u00bb column_padding_tablet=\u00bbinherit\u00bb column_padding_phone=\u00bbinherit\u00bb column_padding_position=\u00bball\u00bb background_color_opacity=\u00bb1&#8243; background_hover_color_opacity=\u00bb1&#8243; column_shadow=\u00bbnone\u00bb column_border_radius=\u00bbnone\u00bb column_link_target=\u00bb_self\u00bb gradient_direction=\u00bbleft_to_right\u00bb overlay_strength=\u00bb0.3&#8243; width=\u00bb2\/3&#8243; tablet_width_inherit=\u00bbdefault\u00bb tablet_text_alignment=\u00bbdefault\u00bb phone_text_alignment=\u00bbdefault\u00bb column_border_width=\u00bbnone\u00bb column_border_style=\u00bbsolid\u00bb bg_image_animation=\u00bbnone\u00bb][vc_column_text]\n<h5 dir=\"ltr\">Embodied Equity\u00bb, un blog invitado de serie limitada escrito por Leanne Alaman, se centra en la profundizaci\u00f3n de nuestra comprensi\u00f3n de la justicia, la equidad, la diversidad y la inclusi\u00f3n (JEDI) mediante la profundizaci\u00f3n de nuestra escucha de las ense\u00f1anzas de la Madre Naturaleza, nuestra sabia y humilde maestra.<\/h5>\n<p>Hola, soy Leanne. Proporciono apoyo a los l\u00edderes de las organizaciones y a las personas bienintencionadas para que pasen de las buenas intenciones a las buenas acciones. Hay muchas maneras de desarrollar su capacidad de DEI trabajando conmigo. <a href=\"https:\/\/www.embodiedcontribution.com\/\" target=\"_blank\" rel=\"noopener\" data-saferedirecturl=\"https:\/\/www.google.com\/url?q=https:\/\/www.embodiedcontribution.com\/&amp;source=gmail&amp;ust=1635883943034000&amp;usg=AFQjCNEvVWc_5mYl9lR9rCvI8SiJ7c0TXQ\"> M\u00e1s informaci\u00f3n aqu\u00ed<\/a>.[\/vc_column_text][\/vc_column][\/vc_row]\n","protected":false},"featured_media":0,"template":"","class_list":{"0":"post-7098","1":"latest_news","2":"type-latest_news","3":"status-publish","5":"news_type-equidad-incorporada"},"acf":[],"aioseo_notices":[],"_links":{"self":[{"href":"https:\/\/dug.org\/es\/wp-json\/wp\/v2\/latest_news\/7098","targetHints":{"allow":["GET"]}}],"collection":[{"href":"https:\/\/dug.org\/es\/wp-json\/wp\/v2\/latest_news"}],"about":[{"href":"https:\/\/dug.org\/es\/wp-json\/wp\/v2\/types\/latest_news"}],"version-history":[{"count":0,"href":"https:\/\/dug.org\/es\/wp-json\/wp\/v2\/latest_news\/7098\/revisions"}],"wp:attachment":[{"href":"https:\/\/dug.org\/es\/wp-json\/wp\/v2\/media?parent=7098"}],"curies":[{"name":"wp","href":"https:\/\/api.w.org\/{rel}","templated":true}]}}