{"id":7214,"date":"2021-02-22T00:00:00","date_gmt":"2021-02-22T00:00:00","guid":{"rendered":"http:\/\/dev-dug.flywheelsites.com\/personal-destacado-conozca-a-brittany\/"},"modified":"2025-03-21T20:35:42","modified_gmt":"2025-03-21T20:35:42","slug":"personal-destacado-conozca-a-brittany","status":"publish","type":"latest_news","link":"https:\/\/dug.org\/es\/latest-news\/personal-destacado-conozca-a-brittany\/","title":{"rendered":"Personal destacado: Conozca a Brittany"},"content":{"rendered":"[vc_row type=\u00bbfull_width_content\u00bb full_screen_row_position=\u00bbmiddle\u00bb column_margin=\u00bbdefault\u00bb equal_height=\u00bbyes\u00bb content_placement=\u00bbmiddle\u00bb column_direction=\u00bbdefault\u00bb column_direction_tablet=\u00bbdefault\u00bb column_direction_phone=\u00bbdefault\u00bb bg_color=\u00bb#232323&#8243; full_height=\u00bbyes\u00bb columns_placement=\u00bbstretch\u00bb scene_position=\u00bbcenter\u00bb text_color=\u00bbdark\u00bb text_align=\u00bbleft\u00bb row_border_radius=\u00bbnone\u00bb row_border_radius_applies=\u00bbbg\u00bb overlay_strength=\u00bb0.3&#8243; gradient_direction=\u00bbleft_to_right\u00bb shape_divider_position=\u00bbbottom\u00bb bg_image_animation=\u00bbnone\u00bb][vc_column column_padding=\u00bbpadding-5-percent\u00bb column_padding_tablet=\u00bbinherit\u00bb column_padding_phone=\u00bbinherit\u00bb column_padding_position=\u00bbleft-right\u00bb background_color=\u00bb#ffffff\u00bb background_color_opacity=\u00bb1&#8243; background_hover_color_opacity=\u00bb1&#8243; column_shadow=\u00bbnone\u00bb column_border_radius=\u00bbnone\u00bb column_link_target=\u00bb_self\u00bb gradient_direction=\u00bbleft_to_right\u00bb overlay_strength=\u00bb0.3&#8243; width=\u00bb2\/3&#8243; tablet_width_inherit=\u00bbdefault\u00bb tablet_text_alignment=\u00bbdefault\u00bb phone_text_alignment=\u00bbdefault\u00bb column_border_width=\u00bbnone\u00bb column_border_style=\u00bbsolid\u00bb bg_image_animation=\u00bbnone\u00bb][vc_column_text css=\u00bb.vc_custom_1614014433951{margin-bottom: 50px !important;}\u00bb]\n<h3><span style=\"font-weight: 400;\">Hola a todos. Para aquellos de ustedes que no he conocido todav\u00eda, soy Brittany Pimentel, el Director de Equidad y Acceso a los Alimentos aqu\u00ed en Denver Urban Gardens (DUG).  <\/span><\/h3>\n<p><span style=\"font-weight: 400;\">Hoy voy a compartir un poco sobre m\u00ed, el reciente cambio en mi papel, as\u00ed como el trabajo de equidad que est\u00e1 sucediendo detr\u00e1s de las escenas en DUG.<\/span><\/p>\n<p><span style=\"font-weight: 400;\">Soy una peruana-estadounidense que desde los 12 a\u00f1os ha trabajado en todo tipo de \u00e1mbitos relacionados con la alimentaci\u00f3n, desde restaurantes y granjas hasta la educaci\u00f3n nutricional y la pol\u00edtica alimentaria. Hace varios a\u00f1os, mientras cursaba un m\u00e1ster en desarrollo internacional con especializaci\u00f3n en seguridad alimentaria y ayuda humanitaria en la Universidad de Denver, me di cuenta de lo que yo  <\/span><i><br \/>\n  <span style=\"font-weight: 400;\">realmente <\/span><br \/>\n<\/i><span style=\"font-weight: 400;\">lo que realmente quer\u00eda era ser agricultor. <\/span> <\/p>\n<p><span style=\"font-weight: 400;\">Sin embargo, con los pr\u00e9stamos estudiantiles y la falta de recursos para la tierra, decid\u00ed que lo mejor que pod\u00eda hacer era participar en el cambio de los sistemas alimentarios a nivel local y ayudar a cambiar la agricultura urbana hacia la justicia alimentaria y el acceso equitativo para todos. Despu\u00e9s de trabajar como voluntaria en el programa Grow a Garden de DUG durante varios a\u00f1os, sent\u00ed que hab\u00eda conseguido el trabajo de mis sue\u00f1os cuando me contrataron en 2018 para gestionar el programa.  <\/span>[\/vc_column_text][\/vc_column][vc_column column_padding=\u00bbno-extra-padding\u00bb column_padding_tablet=\u00bbinherit\u00bb column_padding_phone=\u00bbinherit\u00bb column_padding_position=\u00bball\u00bb background_color_opacity=\u00bb1&#8243; background_hover_color_opacity=\u00bb1&#8243; background_image=\u00bb519917&#8243; background_image_position=\u00bbcenter center\u00bb enable_bg_scale=\u00bbtrue\u00bb column_shadow=\u00bbnone\u00bb column_border_radius=\u00bbnone\u00bb column_link_target=\u00bb_self\u00bb gradient_direction=\u00bbleft_to_right\u00bb overlay_strength=\u00bb0.3&#8243; width=\u00bb1\/3&#8243; tablet_width_inherit=\u00bbdefault\u00bb tablet_text_alignment=\u00bbdefault\u00bb phone_text_alignment=\u00bbdefault\u00bb column_border_width=\u00bbnone\u00bb column_border_style=\u00bbsolid\u00bb bg_image_animation=\u00bbnone\u00bb][divider line_type=\u00bbNo Line\u00bb custom_height=\u00bb300&#8243;][\/vc_column][\/vc_row][vc_row type=\u00bbfull_width_content\u00bb full_screen_row_position=\u00bbmiddle\u00bb column_margin=\u00bbdefault\u00bb column_direction=\u00bbdefault\u00bb column_direction_tablet=\u00bbdefault\u00bb column_direction_phone=\u00bbdefault\u00bb scene_position=\u00bbcenter\u00bb text_color=\u00bbdark\u00bb text_align=\u00bbleft\u00bb row_border_radius=\u00bbnone\u00bb row_border_radius_applies=\u00bbbg\u00bb overlay_strength=\u00bb0.3&#8243; gradient_direction=\u00bbleft_to_right\u00bb shape_divider_position=\u00bbbottom\u00bb bg_image_animation=\u00bbnone\u00bb shape_type=\u00bb\u00bb][vc_column column_padding=\u00bbpadding-5-percent\u00bb column_padding_tablet=\u00bbinherit\u00bb column_padding_phone=\u00bbinherit\u00bb column_padding_position=\u00bbleft-right\u00bb background_color_opacity=\u00bb1&#8243; background_hover_color_opacity=\u00bb1&#8243; column_shadow=\u00bbnone\u00bb column_border_radius=\u00bbnone\u00bb column_link_target=\u00bb_self\u00bb gradient_direction=\u00bbleft_to_right\u00bb overlay_strength=\u00bb0.3&#8243; width=\u00bb1\/1&#8243; tablet_width_inherit=\u00bbdefault\u00bb tablet_text_alignment=\u00bbdefault\u00bb phone_text_alignment=\u00bbdefault\u00bb column_border_width=\u00bbnone\u00bb column_border_style=\u00bbsolid\u00bb bg_image_animation=\u00bbnone\u00bb][vc_column_text]\n<h3><span style=\"font-weight: 400;\">El pasado mes de junio, la organizaci\u00f3n hizo  <\/span><a href=\"https:\/\/dug.org\/black-lives-matter\"><span style=\"font-weight: 400;\">una declaraci\u00f3n formal<\/span><\/a><span style=\"font-weight: 400;\">  en solidaridad con el movimiento Black Lives Matter que se centr\u00f3 en nuestro compromiso de  <\/span><span style=\"font-weight: 400;\">desarrollar pol\u00edticas y sistemas internos para garantizar que nuestro equipo, nuestros l\u00edderes voluntarios y nuestro consejo de administraci\u00f3n representen a las comunidades a las que servimos.  <\/span><span style=\"font-weight: 400;\">Tambi\u00e9n nos comprometimos a crear y aplicar un marco para la transformaci\u00f3n organizativa centrado en la justicia, la equidad, la diversidad y la inclusi\u00f3n, y a garantizar que todo nuestro equipo reciba formaci\u00f3n en el trabajo antirracista.<\/span><\/h3>\n<p><span style=\"font-weight: 400;\">Como primer paso hacia ese compromiso<\/span><span style=\"font-weight: 400;\"> nos dimos cuenta de que necesit\u00e1bamos a alguien en plantilla que se comprometiera a impulsar ese trabajo, y me siento honrado de poder ser el primer Director de Equidad de DUG. <\/span> <span style=\"font-weight: 400;\">En mi nuevo cargo, seguir\u00e9 dirigiendo nuestro programa metropolitano Cultiva un huerto, las clases p\u00fablicas de jardiner\u00eda y las asociaciones comunitarias. Adem\u00e1s, estoy trabajando  <\/span><span style=\"font-weight: 400;\">para crear y aplicar un marco de transformaci\u00f3n organizativa y, en los pr\u00f3ximos meses, utilizar\u00e9 un <\/span><a href=\"https:\/\/bread.org\/sites\/default\/files\/downloads\/racial-equity-scorecard-policies.pdf?_ga=2.59948909.1119025382.1611865247-1638285812.1611865247\"><br \/>\n  <span style=\"font-weight: 400;\">tabla de puntuaci\u00f3n de la equidad racial<\/span><br \/>\n<\/a><span style=\"font-weight: 400;\"> para evaluar toda nuestra programaci\u00f3n en una escala de seis puntos y comprender mejor de d\u00f3nde partimos y d\u00f3nde debemos priorizar los esfuerzos. <\/span> <\/p>\n<p><span style=\"font-weight: 400;\">La labor de DUG de formar jardineros, cultivar alimentos y nutrir a la comunidad s\u00f3lo podr\u00e1 realizarse plenamente cuando todos tengamos un acceso equitativo a los recursos y las oportunidades.<\/span><\/p>\n<p><span style=\"font-weight: 400;\">A medida que nos esforzamos por convertirnos en una organizaci\u00f3n antirracista dirigida por la comunidad, las aportaciones de \u00e9sta son ESENCIALES para nuestro futuro. Por eso estoy liderando la formaci\u00f3n de un <strong>Comit\u00e9 del Cambio<\/strong>, integrado por responsables de huertos, participantes en programas, cultivadores, personal y miembros del consejo de administraci\u00f3n, para ayudar a orientar c\u00f3mo ser\u00e1 esta labor en el futuro.  <\/span><\/p>\n<p><span style=\"font-weight: 400;\">Estamos preparados y entusiasmados con el trabajo que nos espera, y tenemos previsto volver con m\u00e1s actualizaciones. Adelante.<\/span><\/p>\n<h3><span style=\"font-weight: 400;\">\u00bfLe interesa unirse a nosotros? Con\u00e9ctate conmigo en  <\/span><a href=\"mailto:brittany@dug.org\"><span style=\"font-weight: 400;\">brittany@dug.org.<\/span><\/a><\/h3>\n[\/vc_column_text][\/vc_column][\/vc_row]\n","protected":false},"featured_media":10270,"template":"","class_list":{"0":"post-7214","1":"latest_news","2":"type-latest_news","3":"status-publish","4":"has-post-thumbnail","6":"news_type-equipo-de-dug"},"acf":[],"aioseo_notices":[],"_links":{"self":[{"href":"https:\/\/dug.org\/es\/wp-json\/wp\/v2\/latest_news\/7214","targetHints":{"allow":["GET"]}}],"collection":[{"href":"https:\/\/dug.org\/es\/wp-json\/wp\/v2\/latest_news"}],"about":[{"href":"https:\/\/dug.org\/es\/wp-json\/wp\/v2\/types\/latest_news"}],"version-history":[{"count":0,"href":"https:\/\/dug.org\/es\/wp-json\/wp\/v2\/latest_news\/7214\/revisions"}],"wp:featuredmedia":[{"embeddable":true,"href":"https:\/\/dug.org\/es\/wp-json\/wp\/v2\/media\/10270"}],"wp:attachment":[{"href":"https:\/\/dug.org\/es\/wp-json\/wp\/v2\/media?parent=7214"}],"curies":[{"name":"wp","href":"https:\/\/api.w.org\/{rel}","templated":true}]}}