{"id":7465,"date":"2020-10-09T00:00:00","date_gmt":"2020-10-09T00:00:00","guid":{"rendered":"http:\/\/dev-dug.flywheelsites.com\/vea-nuestra-nueva-pelicula-el-portal\/"},"modified":"2025-03-21T20:31:57","modified_gmt":"2025-03-21T20:31:57","slug":"vea-nuestra-nueva-pelicula-el-portal","status":"publish","type":"latest_news","link":"https:\/\/dug.org\/es\/latest-news\/vea-nuestra-nueva-pelicula-el-portal\/","title":{"rendered":"Vea nuestra nueva pel\u00edcula, \u00abEl Portal\u00bb."},"content":{"rendered":"[vc_row type=\u00bbin_container\u00bb full_screen_row_position=\u00bbmiddle\u00bb scene_position=\u00bbcenter\u00bb text_color=\u00bbdark\u00bb text_align=\u00bbleft\u00bb overlay_strength=\u00bb0.3&#8243; shape_divider_position=\u00bbbottom\u00bb bg_image_animation=\u00bbnone\u00bb][vc_column column_padding=\u00bbno-extra-padding\u00bb column_padding_position=\u00bball\u00bb background_color_opacity=\u00bb1&#8243; background_hover_color_opacity=\u00bb1&#8243; column_link_target=\u00bb_self\u00bb column_shadow=\u00bbnone\u00bb column_border_radius=\u00bbnone\u00bb width=\u00bb1\/1&#8243; tablet_width_inherit=\u00bbdefault\u00bb tablet_text_alignment=\u00bbdefault\u00bb phone_text_alignment=\u00bbdefault\u00bb column_border_width=\u00bbnone\u00bb column_border_style=\u00bbsolid\u00bb bg_image_animation=\u00bbnone\u00bb][vc_column_text]La marca pionera de CBD de c\u00e1\u00f1amo, <a href=\"https:\/\/www.charlottesweb.com\/bcorp\" target=\"_blank\" rel=\"noopener noreferrer\">Charlotte&#8217;s Web Inc<\/a>, ha lanzado recientemente su festival de cine inaugural, \u00abNuestras historias\u00bb, que presenta cuatro historias conmovedoras de curaci\u00f3n dentro de las comunidades de sus organizaciones sin \u00e1nimo de lucro asociadas, incluida DUG.<\/p>\n<p>Estamos encantados de compartir su cortometraje, \u00abEl Portal\u00bb, con usted, donde se encontrar\u00e1 con dos l\u00edderes DUG Jard\u00edn, David Kissler y Linda Pakiser, ya que comparten acerca de sus viajes para encontrar la curaci\u00f3n f\u00edsica y emocional a trav\u00e9s de la jardiner\u00eda en la comunidad.[\/vc_column_text][\/vc_column][\/vc_row]\n","protected":false},"featured_media":4645,"template":"","class_list":{"0":"post-7465","1":"latest_news","2":"type-latest_news","3":"status-publish","4":"has-post-thumbnail","6":"news_type-comunidad"},"acf":[],"aioseo_notices":[],"_links":{"self":[{"href":"https:\/\/dug.org\/es\/wp-json\/wp\/v2\/latest_news\/7465","targetHints":{"allow":["GET"]}}],"collection":[{"href":"https:\/\/dug.org\/es\/wp-json\/wp\/v2\/latest_news"}],"about":[{"href":"https:\/\/dug.org\/es\/wp-json\/wp\/v2\/types\/latest_news"}],"version-history":[{"count":0,"href":"https:\/\/dug.org\/es\/wp-json\/wp\/v2\/latest_news\/7465\/revisions"}],"wp:featuredmedia":[{"embeddable":true,"href":"https:\/\/dug.org\/es\/wp-json\/wp\/v2\/media\/4645"}],"wp:attachment":[{"href":"https:\/\/dug.org\/es\/wp-json\/wp\/v2\/media?parent=7465"}],"curies":[{"name":"wp","href":"https:\/\/api.w.org\/{rel}","templated":true}]}}