{"id":7483,"date":"2020-11-23T00:00:00","date_gmt":"2020-11-23T00:00:00","guid":{"rendered":"http:\/\/dev-dug.flywheelsites.com\/premios-a-los-jardineros-destacados-2020\/"},"modified":"2025-03-21T20:32:04","modified_gmt":"2025-03-21T20:32:04","slug":"premios-a-los-jardineros-destacados-2020","status":"publish","type":"latest_news","link":"https:\/\/dug.org\/es\/latest-news\/premios-a-los-jardineros-destacados-2020\/","title":{"rendered":"Premios a los Jardineros Destacados 2020"},"content":{"rendered":"[vc_row type=\u00bbin_container\u00bb full_screen_row_position=\u00bbmiddle\u00bb scene_position=\u00bbcenter\u00bb text_color=\u00bbdark\u00bb text_align=\u00bbleft\u00bb overlay_strength=\u00bb0.3&#8243; shape_divider_position=\u00bbbottom\u00bb bg_image_animation=\u00bbnone\u00bb][vc_column column_padding=\u00bbno-extra-padding\u00bb column_padding_position=\u00bball\u00bb background_color_opacity=\u00bb1&#8243; background_hover_color_opacity=\u00bb1&#8243; column_link_target=\u00bb_self\u00bb column_shadow=\u00bbnone\u00bb column_border_radius=\u00bbnone\u00bb width=\u00bb1\/1&#8243; tablet_width_inherit=\u00bbdefault\u00bb tablet_text_alignment=\u00bbdefault\u00bb phone_text_alignment=\u00bbdefault\u00bb column_border_width=\u00bbnone\u00bb column_border_style=\u00bbsolid\u00bb bg_image_animation=\u00bbnone\u00bb][vc_column_text]\n<h4 style=\"text-align: center;\">Cada a\u00f1o, DUG reconoce a los l\u00edderes de jardines que han ido m\u00e1s all\u00e1 como voluntarios, administradores, organizadores y l\u00edderes en su comunidad. Nos complace compartir m\u00e1s informaci\u00f3n sobre los destacados L\u00edderes de Jardines de 2020 en palabras de los propios miembros de sus comunidades.<\/h4>\n[\/vc_column_text][divider line_type=\u00bbSmall Line\u00bb line_alignment=\u00bbcenter\u00bb line_thickness=\u00bb1&#8243; divider_color=\u00bbdefault\u00bb][\/vc_column][\/vc_row][vc_row type=\u00bbin_container\u00bb full_screen_row_position=\u00bbmiddle\u00bb scene_position=\u00bbcenter\u00bb text_color=\u00bbdark\u00bb text_align=\u00bbleft\u00bb overlay_strength=\u00bb0.3&#8243; shape_divider_position=\u00bbbottom\u00bb bg_image_animation=\u00bbnone\u00bb][vc_column column_padding=\u00bbno-extra-padding\u00bb column_padding_position=\u00bball\u00bb background_color_opacity=\u00bb1&#8243; background_hover_color_opacity=\u00bb1&#8243; column_link_target=\u00bb_self\u00bb column_shadow=\u00bbnone\u00bb column_border_radius=\u00bbnone\u00bb width=\u00bb1\/1&#8243; tablet_width_inherit=\u00bbdefault\u00bb tablet_text_alignment=\u00bbdefault\u00bb phone_text_alignment=\u00bbdefault\u00bb column_border_width=\u00bbnone\u00bb column_border_style=\u00bbsolid\u00bb bg_image_animation=\u00bbnone\u00bb][vc_column_text]\n<h3><b>Bruce Loftis, Jard\u00edn Comunitario de Gables<\/b><\/h3>\n<p><span style=\"font-weight: 400;\">Bruce siempre (\u00a1siempre!) est\u00e1 dispuesto a ayudar a cualquiera y a todos con cualquier cosa que surja. Ayudar\u00e1 a otros jardineros a preparar sus parcelas, regar cuando est\u00e9n de vacaciones, cosechar y limpiar al final de la temporada. Ayudar\u00e1 con cualquier proyecto que se est\u00e9 llevando a cabo con los estudiantes en el huerto &#8211; y este a\u00f1o, cuando no podemos hacer las cosas en persona con los estudiantes, siempre est\u00e1 ah\u00ed para ayudar a plantar, cuidar y atender las parcelas de la escuela cuando los estudiantes no pueden estar all\u00ed con nosotros. Bruce es siempre el primero en ofrecerse voluntario cuando hay que realizar una tarea, ya sea regar nuevos \u00e1rboles o plantas perennes, ponerse en contacto con jardineros o compartir conocimientos con otras escuelas o grupos interesados en poner en marcha sus propios huertos. Est\u00e1 abierto a nuevas ideas, gestiona bien los conflictos, persiste en situaciones dif\u00edciles y se preocupa por los dem\u00e1s. Lo mejor de todo es que Bruce siempre tiene una sonrisa en la cara y un saludo agradable para todos los que conoce. Tenemos mucha suerte de contar con Bruce como jefe de jardines y jardinero.  <\/span>[\/vc_column_text][divider line_type=\u00bbSmall Line\u00bb line_alignment=\u00bbcenter\u00bb line_thickness=\u00bb1&#8243; divider_color=\u00bbdefault\u00bb][\/vc_column][\/vc_row][vc_row type=\u00bbin_container\u00bb full_screen_row_position=\u00bbmiddle\u00bb scene_position=\u00bbcenter\u00bb text_color=\u00bbdark\u00bb text_align=\u00bbleft\u00bb overlay_strength=\u00bb0.3&#8243; shape_divider_position=\u00bbbottom\u00bb bg_image_animation=\u00bbnone\u00bb][vc_column column_padding=\u00bbno-extra-padding\u00bb column_padding_position=\u00bball\u00bb background_color_opacity=\u00bb1&#8243; background_hover_color_opacity=\u00bb1&#8243; column_link_target=\u00bb_self\u00bb column_shadow=\u00bbnone\u00bb column_border_radius=\u00bbnone\u00bb width=\u00bb1\/2&#8243; tablet_width_inherit=\u00bbdefault\u00bb tablet_text_alignment=\u00bbdefault\u00bb phone_text_alignment=\u00bbdefault\u00bb column_border_width=\u00bbnone\u00bb column_border_style=\u00bbsolid\u00bb bg_image_animation=\u00bbnone\u00bb][vc_column_text]\n<h3><b>Michael Lyster, Jard\u00edn Comunitario Academia Sandoval<\/b><\/h3>\n<p><span style=\"font-weight: 400;\">Michael es un gran l\u00edder que nos mantiene al d\u00eda de los eventos del DUG y nos ayuda a reunir materiales y recursos para el huerto. Es un buen jardinero dispuesto a compartir sus ideas y su experiencia.<\/span><\/p>\n<p><span style=\"font-weight: 400;\">Sus jardineros dicen:  <\/span><\/p>\n<ul>\n<li><span style=\"font-weight: 400;\">Me encanta que nos llame a todos \u00abgranjeros\u00bb.<\/span><\/li>\n<li><span style=\"font-weight: 400;\">Me encanta que su\/nuestra respuesta a la venta de El Oasis haya sido hacer m\u00e1s espacio en nuestro jard\u00edn.<\/span><\/li>\n<li><span style=\"font-weight: 400;\">Me encantan las conversaciones ecl\u00e9cticas y divertidas que mantenemos todos a distancia ahora \/ en persona antes sobre jardiner\u00eda y su relaci\u00f3n con todas las cosas importantes.  <\/span><\/li>\n<\/ul>\n[\/vc_column_text][\/vc_column][vc_column column_padding=\u00bbno-extra-padding\u00bb column_padding_position=\u00bball\u00bb background_color_opacity=\u00bb1&#8243; background_hover_color_opacity=\u00bb1&#8243; column_link_target=\u00bb_self\u00bb column_shadow=\u00bbnone\u00bb column_border_radius=\u00bbnone\u00bb width=\u00bb1\/2&#8243; tablet_width_inherit=\u00bbdefault\u00bb tablet_text_alignment=\u00bbdefault\u00bb phone_text_alignment=\u00bbdefault\u00bb column_border_width=\u00bbnone\u00bb column_border_style=\u00bbsolid\u00bb bg_image_animation=\u00bbnone\u00bb][image_with_animation image_url=\u00bb526484&#8243; alignment=\u00bbcenter\u00bb animation=\u00bbFade In\u00bb border_radius=\u00bbnone\u00bb box_shadow=\u00bbnone\u00bb max_width=\u00bb100%\u00bb][\/vc_column][\/vc_row][vc_row type=\u00bbin_container\u00bb full_screen_row_position=\u00bbmiddle\u00bb scene_position=\u00bbcenter\u00bb text_color=\u00bbdark\u00bb text_align=\u00bbleft\u00bb overlay_strength=\u00bb0.3&#8243; shape_divider_position=\u00bbbottom\u00bb bg_image_animation=\u00bbnone\u00bb][vc_column column_padding=\u00bbno-extra-padding\u00bb column_padding_position=\u00bball\u00bb background_color_opacity=\u00bb1&#8243; background_hover_color_opacity=\u00bb1&#8243; column_link_target=\u00bb_self\u00bb column_shadow=\u00bbnone\u00bb column_border_radius=\u00bbnone\u00bb width=\u00bb1\/1&#8243; tablet_width_inherit=\u00bbdefault\u00bb tablet_text_alignment=\u00bbdefault\u00bb phone_text_alignment=\u00bbdefault\u00bb column_border_width=\u00bbnone\u00bb column_border_style=\u00bbsolid\u00bb bg_image_animation=\u00bbnone\u00bb][divider line_type=\u00bbSmall Line\u00bb line_alignment=\u00bbcenter\u00bb line_thickness=\u00bb1&#8243; divider_color=\u00bbdefault\u00bb][vc_column_text]\n<h3><b>Elaine Davis<\/b> <b>Jard\u00edn Comunitario de Fletcher<\/b><\/h3>\n<p><span style=\"font-weight: 400;\">Elaine es maestra jardinera comunitaria y se puso al frente del huerto de Fletcher tras la marcha del \u00faltimo responsable. Dirige de forma equitativa e integradora y se ha esforzado por honrar la historia y las tradiciones del jard\u00edn.  <\/span>[\/vc_column_text][divider line_type=\u00bbSmall Line\u00bb line_alignment=\u00bbcenter\u00bb line_thickness=\u00bb1&#8243; divider_color=\u00bbdefault\u00bb][\/vc_column][\/vc_row][vc_row type=\u00bbin_container\u00bb full_screen_row_position=\u00bbmiddle\u00bb scene_position=\u00bbcenter\u00bb text_color=\u00bbdark\u00bb text_align=\u00bbleft\u00bb overlay_strength=\u00bb0.3&#8243; shape_divider_position=\u00bbbottom\u00bb bg_image_animation=\u00bbnone\u00bb][vc_column column_padding=\u00bbno-extra-padding\u00bb column_padding_position=\u00bball\u00bb background_color_opacity=\u00bb1&#8243; background_hover_color_opacity=\u00bb1&#8243; column_link_target=\u00bb_self\u00bb column_shadow=\u00bbnone\u00bb column_border_radius=\u00bbnone\u00bb width=\u00bb1\/2&#8243; tablet_width_inherit=\u00bbdefault\u00bb tablet_text_alignment=\u00bbdefault\u00bb phone_text_alignment=\u00bbdefault\u00bb column_border_width=\u00bbnone\u00bb column_border_style=\u00bbsolid\u00bb bg_image_animation=\u00bbnone\u00bb][vc_column_text]\n<h3><b>Pallas Quist, <\/b><b>Jard\u00edn Comunitario Samuels y Jard\u00edn Comunitario DCIS Baker: <\/b> <\/h3>\n<p><span style=\"font-weight: 400;\">Pallas ha sido l\u00edder de jard\u00edn en Samuels desde su creaci\u00f3n en 2012. Este a\u00f1o, cuando sus hijos empezaron la escuela en DCIS Baker, Pallas se dio cuenta de que el jard\u00edn estaba infrautilizado y ha pasado los \u00faltimos meses d\u00e1ndole un lavado de cara y prepar\u00e1ndolo para que los estudiantes puedan plantar en primavera.<\/span>[\/vc_column_text][\/vc_column][vc_column column_padding=\u00bbno-extra-padding\u00bb column_padding_position=\u00bball\u00bb background_color_opacity=\u00bb1&#8243; background_hover_color_opacity=\u00bb1&#8243; column_link_target=\u00bb_self\u00bb column_shadow=\u00bbnone\u00bb column_border_radius=\u00bbnone\u00bb width=\u00bb1\/2&#8243; tablet_width_inherit=\u00bbdefault\u00bb tablet_text_alignment=\u00bbdefault\u00bb phone_text_alignment=\u00bbdefault\u00bb column_border_width=\u00bbnone\u00bb column_border_style=\u00bbsolid\u00bb bg_image_animation=\u00bbnone\u00bb][image_with_animation image_url=\u00bb526485&#8243; alignment=\u00bbcenter\u00bb animation=\u00bbFade In\u00bb border_radius=\u00bbnone\u00bb box_shadow=\u00bbnone\u00bb max_width=\u00bb100%\u00bb][\/vc_column][\/vc_row][vc_row type=\u00bbin_container\u00bb full_screen_row_position=\u00bbmiddle\u00bb scene_position=\u00bbcenter\u00bb text_color=\u00bbdark\u00bb text_align=\u00bbleft\u00bb overlay_strength=\u00bb0.3&#8243; shape_divider_position=\u00bbbottom\u00bb bg_image_animation=\u00bbnone\u00bb][vc_column column_padding=\u00bbno-extra-padding\u00bb column_padding_position=\u00bball\u00bb background_color_opacity=\u00bb1&#8243; background_hover_color_opacity=\u00bb1&#8243; column_link_target=\u00bb_self\u00bb column_shadow=\u00bbnone\u00bb column_border_radius=\u00bbnone\u00bb width=\u00bb1\/1&#8243; tablet_width_inherit=\u00bbdefault\u00bb tablet_text_alignment=\u00bbdefault\u00bb phone_text_alignment=\u00bbdefault\u00bb column_border_width=\u00bbnone\u00bb column_border_style=\u00bbsolid\u00bb bg_image_animation=\u00bbnone\u00bb][divider line_type=\u00bbSmall Line\u00bb line_alignment=\u00bbcenter\u00bb line_thickness=\u00bb1&#8243; divider_color=\u00bbdefault\u00bb][vc_column_text]\n<h3><b>Stephanie Sisnroy, Jard\u00edn Comunitario Little Sprouts:<\/b><\/h3>\n<p><span style=\"font-weight: 400;\">Nos gustar\u00eda saludar a Stephanie, del DUG de Little Elementary. Conocemos a Stephanie y a su familia desde hace varios a\u00f1os. Es superorganizada y deja que la gente contribuya como pueda. Ha conseguido que la gente comparta su experiencia y ha convertido a los alumnos de la escuela en el principal foco de aprendizaje. Hemos celebrado varios mercados agr\u00edcolas de oto\u00f1o y ella ha involucrado a muchas organizaciones comunitarias a las que ha comprado plantas y suministros. Ahora con covid&#8230;hemos tenido que cumplir algunas normas para seguir haciendo del jard\u00edn como dir\u00eda Stephanie&#8230;nuestro lugar feliz. Sus contribuciones han sido infinitas y se agradecen enormemente. Agradecemos formar parte de este jard\u00edn.<\/span>[\/vc_column_text][divider line_type=\u00bbSmall Line\u00bb line_alignment=\u00bbcenter\u00bb line_thickness=\u00bb1&#8243; divider_color=\u00bbdefault\u00bb][\/vc_column][\/vc_row][vc_row type=\u00bbin_container\u00bb full_screen_row_position=\u00bbmiddle\u00bb scene_position=\u00bbcenter\u00bb text_color=\u00bbdark\u00bb text_align=\u00bbleft\u00bb overlay_strength=\u00bb0.3&#8243; shape_divider_position=\u00bbbottom\u00bb bg_image_animation=\u00bbnone\u00bb][vc_column column_padding=\u00bbno-extra-padding\u00bb column_padding_position=\u00bball\u00bb background_color_opacity=\u00bb1&#8243; background_hover_color_opacity=\u00bb1&#8243; column_link_target=\u00bb_self\u00bb column_shadow=\u00bbnone\u00bb column_border_radius=\u00bbnone\u00bb width=\u00bb1\/2&#8243; tablet_width_inherit=\u00bbdefault\u00bb tablet_text_alignment=\u00bbdefault\u00bb phone_text_alignment=\u00bbdefault\u00bb column_border_width=\u00bbnone\u00bb column_border_style=\u00bbsolid\u00bb bg_image_animation=\u00bbnone\u00bb][vc_column_text]\n<h3>Lyric McKnight, <strong>Jard\u00edn Comunitario KCAA:<\/strong><\/h3>\n<p><span style=\"font-weight: 400;\">Lyric forma parte de la direcci\u00f3n del jard\u00edn KCAA desde su creaci\u00f3n en 2015. Es maestra jardinera comunitaria del DUG y comparte su compromiso con la vida sana con sus jardineros. Este a\u00f1o, cuando m\u00e1s personas se enfrentaban a la inseguridad alimentaria, Lyric respondi\u00f3 ayudando a plantar todas las parcelas disponibles para donaciones.  <\/span>[\/vc_column_text][\/vc_column][vc_column column_padding=\u00bbno-extra-padding\u00bb column_padding_position=\u00bball\u00bb background_color_opacity=\u00bb1&#8243; background_hover_color_opacity=\u00bb1&#8243; column_link_target=\u00bb_self\u00bb column_shadow=\u00bbnone\u00bb column_border_radius=\u00bbnone\u00bb width=\u00bb1\/2&#8243; tablet_width_inherit=\u00bbdefault\u00bb tablet_text_alignment=\u00bbdefault\u00bb phone_text_alignment=\u00bbdefault\u00bb column_border_width=\u00bbnone\u00bb column_border_style=\u00bbsolid\u00bb bg_image_animation=\u00bbnone\u00bb][image_with_animation image_url=\u00bb526486&#8243; alignment=\u00bbcenter\u00bb animation=\u00bbFade In\u00bb border_radius=\u00bbnone\u00bb box_shadow=\u00bbnone\u00bb max_width=\u00bb100%\u00bb][\/vc_column][\/vc_row]\n","protected":false},"featured_media":4674,"template":"","class_list":{"0":"post-7483","1":"latest_news","2":"type-latest_news","3":"status-publish","4":"has-post-thumbnail","6":"news_type-jardines-y-bosques-alimentarias"},"acf":[],"aioseo_notices":[],"_links":{"self":[{"href":"https:\/\/dug.org\/es\/wp-json\/wp\/v2\/latest_news\/7483","targetHints":{"allow":["GET"]}}],"collection":[{"href":"https:\/\/dug.org\/es\/wp-json\/wp\/v2\/latest_news"}],"about":[{"href":"https:\/\/dug.org\/es\/wp-json\/wp\/v2\/types\/latest_news"}],"version-history":[{"count":0,"href":"https:\/\/dug.org\/es\/wp-json\/wp\/v2\/latest_news\/7483\/revisions"}],"wp:featuredmedia":[{"embeddable":true,"href":"https:\/\/dug.org\/es\/wp-json\/wp\/v2\/media\/4674"}],"wp:attachment":[{"href":"https:\/\/dug.org\/es\/wp-json\/wp\/v2\/media?parent=7483"}],"curies":[{"name":"wp","href":"https:\/\/api.w.org\/{rel}","templated":true}]}}