{"id":7509,"date":"2021-01-22T00:00:00","date_gmt":"2021-01-22T00:00:00","guid":{"rendered":"http:\/\/dev-dug.flywheelsites.com\/carta-de-nuestro-director-ejecutivo\/"},"modified":"2025-03-21T20:32:28","modified_gmt":"2025-03-21T20:32:28","slug":"carta-de-nuestro-director-ejecutivo","status":"publish","type":"latest_news","link":"https:\/\/dug.org\/es\/latest-news\/carta-de-nuestro-director-ejecutivo\/","title":{"rendered":"Carta de nuestro Director Ejecutivo"},"content":{"rendered":"[vc_row type=\u00bbfull_width_content\u00bb full_screen_row_position=\u00bbmiddle\u00bb column_margin=\u00bbdefault\u00bb equal_height=\u00bbyes\u00bb content_placement=\u00bbmiddle\u00bb column_direction=\u00bbdefault\u00bb column_direction_tablet=\u00bbdefault\u00bb column_direction_phone=\u00bbdefault\u00bb bg_color=\u00bb#232323&#8243; full_height=\u00bbyes\u00bb columns_placement=\u00bbstretch\u00bb scene_position=\u00bbcenter\u00bb text_color=\u00bbdark\u00bb text_align=\u00bbleft\u00bb row_border_radius=\u00bbnone\u00bb row_border_radius_applies=\u00bbbg\u00bb overlay_strength=\u00bb0.3&#8243; gradient_direction=\u00bbleft_to_right\u00bb shape_divider_position=\u00bbbottom\u00bb bg_image_animation=\u00bbnone\u00bb][vc_column column_padding=\u00bbpadding-5-percent\u00bb column_padding_tablet=\u00bbinherit\u00bb column_padding_phone=\u00bbinherit\u00bb column_padding_position=\u00bbleft-right\u00bb background_color=\u00bb#ffffff\u00bb background_color_opacity=\u00bb1&#8243; background_hover_color_opacity=\u00bb1&#8243; column_shadow=\u00bbnone\u00bb column_border_radius=\u00bbnone\u00bb column_link_target=\u00bb_self\u00bb gradient_direction=\u00bbleft_to_right\u00bb overlay_strength=\u00bb0.3&#8243; width=\u00bb2\/3&#8243; tablet_width_inherit=\u00bbdefault\u00bb tablet_text_alignment=\u00bbdefault\u00bb phone_text_alignment=\u00bbdefault\u00bb column_border_width=\u00bbnone\u00bb column_border_style=\u00bbsolid\u00bb bg_image_animation=\u00bbnone\u00bb][vc_column_text css=\u00bb.vc_custom_1611803387542{margin-bottom: 50px !important;}\u00bb]\n<h3><span style=\"font-weight: 400;\">Menudo a\u00f1o.<\/span><\/h3>\n<h3><span style=\"font-weight: 400;\"> <\/span><\/h3>\n<p><span style=\"font-weight: 400;\">2020 fue un a\u00f1o de cambios s\u00edsmicos. En todas partes. Para todos. Literalmente, desde el minuto en que el reloj marc\u00f3 la medianoche del 1 de enero. Algo estaba fuera de lugar. No hace falta que haga un recuento de la lista para quien lea esto: todos estamos \u00edntimamente familiarizados.  <\/span><\/p>\n<p><span style=\"font-weight: 400;\">Pero DUG se mantuvo firme en todo momento. Mantuvimos abiertos nuestros huertos, suministramos semillas, plantones y formaci\u00f3n a miles de personas a trav\u00e9s de nuestros programas de acceso a los alimentos, ense\u00f1amos a los alumnos de primaria a cocinar comidas sanas y nuestros hortelanos cultivaron y donaron 300 toneladas de productos.  <\/span><span style=\"font-weight: 400;\">Tambi\u00e9n tropezamos. Y aprendido. Mucho.  <\/span><\/p>\n<p><strong>Tambi\u00e9n hemos aprendido que DUG es una parte valiosa del tejido de Denver. En 2021 y m\u00e1s all\u00e1, nos comprometemos a servir a nuestra ciudad natal de forma m\u00e1s completa, equitativa e impactante que nunca.  <\/strong>[\/vc_column_text][nectar_btn size=\u00bbmedium\u00bb open_new_tab=\u00bbtrue\u00bb button_style=\u00bbsee-through-2&#8243; hover_text_color_override=\u00bb#ffffff\u00bb icon_family=\u00bbnone\u00bb text=\u00bbLea nuestro Informe de Impacto 2020&#8243; url=\u00bbhttps:\/\/dug.org\/2020-impact-report\/\u00bb][\/vc_column][vc_column column_padding=\u00bbno-extra-padding\u00bb column_padding_tablet=\u00bbinherit\u00bb column_padding_phone=\u00bbinherit\u00bb column_padding_position=\u00bball\u00bb background_color_opacity=\u00bb1&#8243; background_hover_color_opacity=\u00bb1&#8243; background_image=\u00bb526909&#8243; background_image_position=\u00bbcenter center\u00bb enable_bg_scale=\u00bbtrue\u00bb column_shadow=\u00bbnone\u00bb column_border_radius=\u00bbnone\u00bb column_link_target=\u00bb_self\u00bb gradient_direction=\u00bbleft_to_right\u00bb overlay_strength=\u00bb0.3&#8243; width=\u00bb1\/3&#8243; tablet_width_inherit=\u00bbdefault\u00bb tablet_text_alignment=\u00bbdefault\u00bb phone_text_alignment=\u00bbdefault\u00bb column_border_width=\u00bbnone\u00bb column_border_style=\u00bbsolid\u00bb bg_image_animation=\u00bbnone\u00bb][divider line_type=\u00bbNo Line\u00bb custom_height=\u00bb400&#8243;][\/vc_column][\/vc_row][vc_row type=\u00bbfull_width_content\u00bb full_screen_row_position=\u00bbmiddle\u00bb column_margin=\u00bbdefault\u00bb column_direction=\u00bbdefault\u00bb column_direction_tablet=\u00bbdefault\u00bb column_direction_phone=\u00bbdefault\u00bb scene_position=\u00bbcenter\u00bb text_color=\u00bbdark\u00bb text_align=\u00bbleft\u00bb row_border_radius=\u00bbnone\u00bb row_border_radius_applies=\u00bbbg\u00bb overlay_strength=\u00bb0.3&#8243; gradient_direction=\u00bbleft_to_right\u00bb shape_divider_position=\u00bbbottom\u00bb bg_image_animation=\u00bbnone\u00bb shape_type=\u00bb\u00bb][vc_column column_padding=\u00bbpadding-5-percent\u00bb column_padding_tablet=\u00bbinherit\u00bb column_padding_phone=\u00bbinherit\u00bb column_padding_position=\u00bball\u00bb background_color_opacity=\u00bb1&#8243; background_hover_color_opacity=\u00bb1&#8243; column_shadow=\u00bbnone\u00bb column_border_radius=\u00bbnone\u00bb column_link_target=\u00bb_self\u00bb gradient_direction=\u00bbleft_to_right\u00bb overlay_strength=\u00bb0.3&#8243; width=\u00bb1\/1&#8243; tablet_width_inherit=\u00bbdefault\u00bb tablet_text_alignment=\u00bbdefault\u00bb phone_text_alignment=\u00bbdefault\u00bb column_border_width=\u00bbnone\u00bb column_border_style=\u00bbsolid\u00bb bg_image_animation=\u00bbnone\u00bb][vc_column_text]<span style=\"font-weight: 400;\">Al suprimir la palabra interino de mi t\u00edtulo, contemplo lo que DUG ha logrado en sus 35 a\u00f1os con asombro, admiraci\u00f3n y gratitud, y miro hacia los pr\u00f3ximos 35 a\u00f1os con vertiginoso entusiasmo y confianza.  <\/span><\/p>\n<p><span style=\"font-weight: 400;\">Con un  <\/span><a href=\"https:\/\/dug.org\/impact\"><span style=\"font-weight: 400;\">s\u00f3lida red de jardines<\/span><\/a><span style=\"font-weight: 400;\">Con decenas de miles de jardineros, un n\u00famero a\u00fan mayor de personas afectadas por nuestros programas de acceso a los alimentos, el mejor programa de formaci\u00f3n en liderazgo y horticultura y una profunda conexi\u00f3n con nuestros jardineros m\u00e1s j\u00f3venes a trav\u00e9s de nuestros 74 huertos escolares y un equipo de primera clase, pasaremos 2021 profundizando.  <\/span><span style=\"font-weight: 400;\">Reforzaremos, mejoraremos y nos comprometeremos en\u00e9rgicamente con la equidad en toda la red del DUG, garantizando que todos los jardines, jardineros y estudiantes se encuentren donde se encuentren y se sientan inspirados y capacitados para aprender, crecer y florecer.  <\/span><\/p>\n<p><span style=\"font-weight: 400;\">Nuestros jardines acoger\u00e1n a 17.500 jardineros que se reunir\u00e1n en comunidad para cavar en la tierra, capturar grandes cantidades de carbono y producir verduras limpias y org\u00e1nicas. Y fortaleceremos las conexiones entre jardineros, entre jardines y con el propio DUG, ya que somos exponencialmente m\u00e1s fuertes cuando estamos en red, conectados y apoyados.<\/span><\/p>\n<p><b>En DUG todo procede de los huertos: la tierra, las ra\u00edces, la abundancia, la comunidad.<\/b><span style=\"font-weight: 400;\">  En 2021 garantizamos que aprovecharemos nuestros jardines para ayudar a Denver a recuperarse de los retos a los que nos enfrentamos con m\u00e1s fuerza que antes.  <\/span><\/p>\n<p><span style=\"font-weight: 400;\">Estoy impaciente por meter las manos en la tierra con el incre\u00edble equipo de DUG, nuestros socios, nuestros simpatizantes, nuestros jardineros y l\u00edderes de jardiner\u00eda y todas nuestras otras apreciadas partes interesadas mientras todos celebramos nuestra humanidad com\u00fan a trav\u00e9s del cultivo de alimentos. Crezcamos juntos.<\/span><\/p>\n<p><span style=\"font-weight: 400;\">Atentamente,<\/span><\/p>\n<p>Linda Appel Lipsius<\/p>\n<p>Director Ejecutivo de Denver Urban Gardens[\/vc_column_text][\/vc_column][\/vc_row]\n","protected":false},"featured_media":4733,"template":"","class_list":{"0":"post-7509","1":"latest_news","2":"type-latest_news","3":"status-publish","4":"has-post-thumbnail","6":"news_type-equipo-de-dug"},"acf":[],"aioseo_notices":[],"_links":{"self":[{"href":"https:\/\/dug.org\/es\/wp-json\/wp\/v2\/latest_news\/7509","targetHints":{"allow":["GET"]}}],"collection":[{"href":"https:\/\/dug.org\/es\/wp-json\/wp\/v2\/latest_news"}],"about":[{"href":"https:\/\/dug.org\/es\/wp-json\/wp\/v2\/types\/latest_news"}],"version-history":[{"count":0,"href":"https:\/\/dug.org\/es\/wp-json\/wp\/v2\/latest_news\/7509\/revisions"}],"wp:featuredmedia":[{"embeddable":true,"href":"https:\/\/dug.org\/es\/wp-json\/wp\/v2\/media\/4733"}],"wp:attachment":[{"href":"https:\/\/dug.org\/es\/wp-json\/wp\/v2\/media?parent=7509"}],"curies":[{"name":"wp","href":"https:\/\/api.w.org\/{rel}","templated":true}]}}