{"id":7515,"date":"2020-06-01T00:00:00","date_gmt":"2020-06-01T00:00:00","guid":{"rendered":"http:\/\/dev-dug.flywheelsites.com\/las-vidas-negras-importan\/"},"modified":"2025-03-21T20:32:29","modified_gmt":"2025-03-21T20:32:29","slug":"las-vidas-negras-importan","status":"publish","type":"latest_news","link":"https:\/\/dug.org\/es\/latest-news\/las-vidas-negras-importan\/","title":{"rendered":"Las Vidas Negras Importan."},"content":{"rendered":"[vc_row type=\u00bbfull_width_content\u00bb full_screen_row_position=\u00bbmiddle\u00bb column_margin=\u00bbdefault\u00bb column_direction=\u00bbdefault\u00bb column_direction_tablet=\u00bbdefault\u00bb column_direction_phone=\u00bbdefault\u00bb scene_position=\u00bbcenter\u00bb text_color=\u00bbdark\u00bb text_align=\u00bbleft\u00bb row_border_radius=\u00bbnone\u00bb row_border_radius_applies=\u00bbbg\u00bb overlay_strength=\u00bb0.3&#8243; gradient_direction=\u00bbleft_to_right\u00bb shape_divider_position=\u00bbbottom\u00bb bg_image_animation=\u00bbnone\u00bb shape_type=\u00bb\u00bb][vc_column column_padding=\u00bbpadding-4-percent\u00bb column_padding_tablet=\u00bbinherit\u00bb column_padding_phone=\u00bbinherit\u00bb column_padding_position=\u00bbleft-right\u00bb background_color_opacity=\u00bb1&#8243; background_hover_color_opacity=\u00bb1&#8243; column_shadow=\u00bbnone\u00bb column_border_radius=\u00bbnone\u00bb column_link_target=\u00bb_self\u00bb gradient_direction=\u00bbleft_to_right\u00bb overlay_strength=\u00bb0.3&#8243; width=\u00bb1\/1&#8243; tablet_width_inherit=\u00bbdefault\u00bb tablet_text_alignment=\u00bbdefault\u00bb phone_text_alignment=\u00bbdefault\u00bb column_border_width=\u00bbnone\u00bb column_border_style=\u00bbsolid\u00bb bg_image_animation=\u00bbnone\u00bb][vc_row_inner column_margin=\u00bbdefault\u00bb column_direction=\u00bbdefault\u00bb column_direction_tablet=\u00bbdefault\u00bb column_direction_phone=\u00bbdefault\u00bb text_align=\u00bbleft\u00bb][vc_column_inner column_padding=\u00bbpadding-5-percent\u00bb column_padding_tablet=\u00bbinherit\u00bb column_padding_phone=\u00bbinherit\u00bb column_padding_position=\u00bbright\u00bb background_color_opacity=\u00bb1&#8243; background_hover_color_opacity=\u00bb1&#8243; column_shadow=\u00bbnone\u00bb column_border_radius=\u00bbnone\u00bb column_link_target=\u00bb_self\u00bb gradient_direction=\u00bbleft_to_right\u00bb overlay_strength=\u00bb0.3&#8243; width=\u00bb1\/2&#8243; tablet_width_inherit=\u00bbdefault\u00bb column_border_width=\u00bbnone\u00bb column_border_style=\u00bbsolid\u00bb bg_image_animation=\u00bbnone\u00bb][vc_column_text]\n<h2 style=\"font-weight: 400;\"><strong>Las palabras importan, pero no bastan.  <\/strong><\/h2>\n<h3><\/h3>\n<h3><b>Las Vidas Negras Importan.<\/b><\/h3>\n<p><span style=\"font-weight: 400;\">Reconocemos el poder de esta afirmaci\u00f3n y por qu\u00e9 la decimos alto y claro: porque sabemos que las vidas de los negros son valiosas, preciosas e intr\u00ednsecamente dignas. Nos pronunciamos para reconocer el dolor que los miembros de nuestra comunidad negra han experimentado durante generaciones, as\u00ed como para escuchar sus experiencias vividas y reconocer la existencia de estructuras, pol\u00edticas y acciones racistas responsables de los asesinatos de George Floyd, Breonna Taylor, Ahmaud Abrey, Elijah McClain y tantos otros en los \u00faltimos 400 a\u00f1os.  <\/span><\/p>\n<h3><b>Desmantelar los sistemas de opresi\u00f3n  <\/b><\/h3>\n<p><span style=\"font-weight: 400;\">Podemos hacerlo mejor, y lo haremos. DUG se compromete a dar la cara, hacer el trabajo y rendir cuentas para desafiar activamente las pol\u00edticas que perpet\u00faan las desigualdades para nuestras comunidades negras.  <\/span>[\/vc_column_text][\/vc_column_inner][vc_column_inner column_padding=\u00bbno-extra-padding\u00bb column_padding_tablet=\u00bbinherit\u00bb column_padding_phone=\u00bbinherit\u00bb column_padding_position=\u00bball\u00bb background_color_opacity=\u00bb1&#8243; background_hover_color_opacity=\u00bb1&#8243; column_shadow=\u00bbnone\u00bb column_border_radius=\u00bbnone\u00bb column_link_target=\u00bb_self\u00bb gradient_direction=\u00bbleft_to_right\u00bb overlay_strength=\u00bb0.3&#8243; width=\u00bb1\/2&#8243; tablet_width_inherit=\u00bbdefault\u00bb column_border_width=\u00bbnone\u00bb column_border_style=\u00bbsolid\u00bb bg_image_animation=\u00bbnone\u00bb][image_with_animation image_url=\u00bb526976&#8243; animation=\u00bbFade In\u00bb hover_animation=\u00bbnone\u00bb alignment=\u00bb\u00bb border_radius=\u00bbnone\u00bb box_shadow=\u00bbnone\u00bb image_loading=\u00bbdefault\u00bb max_width=\u00bb100%\u00bb max_width_mobile=\u00bbdefault\u00bb][vc_column_text]\n<h6>Foto cortes\u00eda de <a href=\"https:\/\/www.nikkiarae.com\/\">Nikki A. Rae Photography<\/a>.<\/h6>\n[\/vc_column_text][\/vc_column_inner][\/vc_row_inner][vc_column_text]\n<h3><strong>Esto parece:  <\/strong><\/h3>\n<ul>\n<li style=\"font-weight: 400;\" aria-level=\"1\"><span style=\"font-weight: 400;\">Desarrollar pol\u00edticas y sistemas internos para garantizar que nuestro equipo, nuestros l\u00edderes voluntarios y nuestro consejo de administraci\u00f3n representen a las comunidades a las que servimos.<\/span><\/li>\n<li style=\"font-weight: 400;\" aria-level=\"1\"><span style=\"font-weight: 400;\">Creaci\u00f3n y aplicaci\u00f3n de un marco para la transformaci\u00f3n organizativa centrado en la justicia, la equidad, la diversidad y la inclusi\u00f3n.<\/span><\/li>\n<li style=\"font-weight: 400;\" aria-level=\"1\"><span style=\"font-weight: 400;\">Garantizar la formaci\u00f3n de todo nuestro equipo en materia de lucha contra el racismo. Esto incluye formaciones obligatorias para el personal, los voluntarios y los miembros del consejo de administraci\u00f3n, para que comprendan c\u00f3mo las desigualdades raciales se han filtrado en nuestras acciones cotidianas y entiendan c\u00f3mo seguimos perpetuando ideas y pol\u00edticas racistas con nuestras acciones o nuestras inacciones.<\/span><\/li>\n<li style=\"font-weight: 400;\" aria-level=\"1\"><span style=\"font-weight: 400;\">Apoyar acciones y pol\u00edticas centradas en <\/span><a href=\"http:\/\/usfoodsovereigntyalliance.org\/what-is-food-sovereignty\/\"><br \/>\n  <span style=\"font-weight: 400;\">soberan\u00eda alimentaria<\/span><br \/>\n<\/a><span style=\"font-weight: 400;\"> tanto a nivel local como estatal, poniendo la equidad en primer plano y garantizando que nuestras comunidades negras y marrones est\u00e9n representadas.<\/span><\/li>\n<li style=\"font-weight: 400;\" aria-level=\"1\"><span style=\"font-weight: 400;\">Poner la voz de la comunidad en primer plano a medida que avanzamos en la planificaci\u00f3n estrat\u00e9gica. En 2020 emprendimos una gira de escucha por toda el \u00e1rea metropolitana de Denver. Encuestamos a nuestra comunidad y organizamos 45 grupos de discusi\u00f3n para comprender mejor c\u00f3mo podemos servir y apoyar a nuestras comunidades en todo lo que hacemos.<\/span><\/li>\n<\/ul>\n<h3><\/h3>\n<p><span style=\"font-weight: 400;\">Aunque estos son algunos ejemplos de c\u00f3mo pensamos empezar, tambi\u00e9n reconocemos nuestras lagunas y d\u00f3nde seguiremos desafi\u00e1ndonos a nosotros mismos para el crecimiento personal y organizativo. Nuestro compromiso con la comunidad negra es escuchar, aceptar las opiniones, acoger y amplificar las voces negras y marrones, y actuar con valent\u00eda y humildad.  <\/span><\/p>\n<p><span style=\"font-weight: 400;\">A medida que avanzamos como <\/span><a href=\"https:\/\/libguides.kent-school.edu\/race-racism-antiracism\/ally\"><br \/>\n  <span style=\"font-weight: 400;\">aliados educados<\/span><br \/>\n<\/a><span style=\"font-weight: 400;\">y l\u00edderes valientes de nuestra comunidad en nombre del amor, tambi\u00e9n nos comprometemos a reconocer los comentarios cr\u00edticos y a mejorar cuando nos equivoquemos. <\/span> <\/p>\n<h3 style=\"font-weight: 400;\"><strong>Manos a la obra.<\/strong><\/h3>\n[\/vc_column_text][\/vc_column][\/vc_row]\n","protected":false},"featured_media":4736,"template":"","class_list":{"0":"post-7515","1":"latest_news","2":"type-latest_news","3":"status-publish","4":"has-post-thumbnail","6":"news_type-comunidad"},"acf":[],"aioseo_notices":[],"_links":{"self":[{"href":"https:\/\/dug.org\/es\/wp-json\/wp\/v2\/latest_news\/7515","targetHints":{"allow":["GET"]}}],"collection":[{"href":"https:\/\/dug.org\/es\/wp-json\/wp\/v2\/latest_news"}],"about":[{"href":"https:\/\/dug.org\/es\/wp-json\/wp\/v2\/types\/latest_news"}],"version-history":[{"count":0,"href":"https:\/\/dug.org\/es\/wp-json\/wp\/v2\/latest_news\/7515\/revisions"}],"wp:featuredmedia":[{"embeddable":true,"href":"https:\/\/dug.org\/es\/wp-json\/wp\/v2\/media\/4736"}],"wp:attachment":[{"href":"https:\/\/dug.org\/es\/wp-json\/wp\/v2\/media?parent=7515"}],"curies":[{"name":"wp","href":"https:\/\/api.w.org\/{rel}","templated":true}]}}