{"id":6264,"date":"2014-05-10T00:00:00","date_gmt":"2014-05-10T00:00:00","guid":{"rendered":"http:\/\/dev-dug.flywheelsites.com\/lucha-contra-la-obesidad-en-colorado\/"},"modified":"2025-03-21T22:06:25","modified_gmt":"2025-03-21T22:06:25","slug":"lucha-contra-la-obesidad-en-colorado","status":"publish","type":"post","link":"https:\/\/dug.org\/es\/lucha-contra-la-obesidad-en-colorado\/","title":{"rendered":"Lucha contra la obesidad en Colorado"},"content":{"rendered":"<div class=\"journal-entry-text\">\n<div class=\"journal-entry-tag journal-entry-tag-post-title\"><span class=\"posted-on\"> <img decoding=\"async\" class=\"inline-icon date-icon lazyload\" title=\"Fecha\" data-src=\"https:\/\/dug.org\/universal\/images\/transparent.png\" alt=\"Fecha\" src=\"data:image\/svg+xml;base64,PHN2ZyB3aWR0aD0iMSIgaGVpZ2h0PSIxIiB4bWxucz0iaHR0cDovL3d3dy53My5vcmcvMjAwMC9zdmciPjwvc3ZnPg==\">viernes, julio 23, 2010 en 3:11PM<\/span><\/div>\n<div class=\"body\">\n<p>Seg\u00fan un informe de The Trust for America&#8217;s Health y la Fundaci\u00f3n Robert Wood Johnson, la tasa de obesidad en Colorado est\u00e1 subiendo, a pesar de la reputaci\u00f3n de nuestro estado en cuanto a estilos de vida saludables.<\/p>\n<blockquote><p>La tasa de obesidad en Colorado se ha m\u00e1s que duplicado desde 1995, y nuestros \u00edndices aumentan m\u00e1s r\u00e1pidamente que en el resto del pa\u00eds. Y esta alarmante tendencia es m\u00e1s evidente en el caso de nuestros ni\u00f1os, sobre todo los de las comunidades con menos ingresos.<\/p>\n<p>M\u00e1s de uno de cada cuatro ni\u00f1os de Colorado de entre 10 y 17 a\u00f1os es obeso o tiene sobrepeso. El a\u00f1o pasado, el informe anual de la Fundaci\u00f3n para la Salud de Colorado otorg\u00f3 al estado una D+ por la salud de nuestros ni\u00f1os. El mismo informe transmit\u00eda que la clasificaci\u00f3n de Colorado en obesidad infantil hab\u00eda ca\u00eddo del tercer puesto m\u00e1s bajo del pa\u00eds al vig\u00e9simo tercero en los \u00faltimos cuatro a\u00f1os.<\/p><\/blockquote>\n<p><a href=\"http:\/\/www.denverpost.com\/opinion\/ci_15578885?source=email\" target=\"_blank\" rel=\"noopener\"><strong>Haga clic aqu\u00ed para leer el art\u00edculo completo en The Denver Post.<\/strong><\/a><\/p>\n<p>La buena noticia es que hay soluciones. Denver Urban Gardens y nuestras organizaciones asociadas ofrecen a los residentes de Denver Metro oportunidades de actividad f\u00edsica a trav\u00e9s de nuestros casi 100 jardines comunitarios y la Granja Comunitaria DeLaney. Adem\u00e1s, 25 de los jardines comunitarios de DUG se encuentran en las escuelas p\u00fablicas de Denver, y DUG ofrece nutrici\u00f3n integrada, la ciencia, y la educaci\u00f3n de jardiner\u00eda en muchas de esas escuelas. <strong><br \/>\n  <a href=\"https:\/\/dug.org\/school-garden-education\/\">Haga clic aqu\u00ed<\/a><br \/>\n<\/strong> para aprender m\u00e1s sobre los programas de educaci\u00f3n de huertos escolares de DUG.<\/p>\n<p>Durante los \u00faltimos seis a\u00f1os, los Jardines Urbanos de Denver y la Escuela de Salud P\u00fablica de Colorado han trabajado juntos, a trav\u00e9s de la iniciativa de investigaci\u00f3n comunitaria <em>Jardines para el Crecimiento de Comunidades Saludables<\/em>, para explorar c\u00f3mo los jardines, como lugares de vecindad, apoyan una vida saludable. Los resultados de este estudio confirman lo que los jardineros comunitarios saben desde siempre: En los huertos comunitarios crecen barrios sanos cuyos cimientos se basan en el respeto a la fuerza de la diversidad, en tradiciones culturales m\u00e1s s\u00f3lidas y en v\u00ednculos afectuosos. <strong><br \/>\n  <a href=\"https:\/\/dug.org\/es\/huertos-para-comunidades-sanas\/\">Haga clic aqu\u00ed<\/a><br \/>\n<\/strong> para obtener m\u00e1s informaci\u00f3n sobre esta iniciativa de investigaci\u00f3n, incluidas las principales conclusiones.<\/p>\n<\/div>\n<\/div>\n<div class=\"journal-entry-tag-post-body-line1\"> <span class=\"posted-by\"> <a href=\"https:\/\/dug.org\/dug-blog\/author\/denverurbangardens\"> <img decoding=\"async\" class=\"inline-icon user-registered-icon lazyload\" title=\"Autor\" data-src=\"https:\/\/dug.org\/universal\/images\/transparent.png\" alt=\"Autor\" src=\"data:image\/svg+xml;base64,PHN2ZyB3aWR0aD0iMSIgaGVpZ2h0PSIxIiB4bWxucz0iaHR0cDovL3d3dy53My5vcmcvMjAwMC9zdmciPjwvc3ZnPg==\">Jardines urbanos de Denver<\/a><\/span> | <span class=\"post-comments\">Comentarios desactivados <\/span> en <span class=\"email-item\"><br \/>\n  <a href=\"https:\/\/dug.org\/dug-blog\/recommend\/8345245\"> <img decoding=\"async\" class=\"inline-icon email-icon lazyload\" title=\"Enviar art\u00edculo\" data-src=\"https:\/\/dug.org\/universal\/images\/transparent.png\" alt=\"Enviar art\u00edculo\" src=\"data:image\/svg+xml;base64,PHN2ZyB3aWR0aD0iMSIgaGVpZ2h0PSIxIiB4bWxucz0iaHR0cDovL3d3dy53My5vcmcvMjAwMC9zdmciPjwvc3ZnPg==\">Enviar art\u00edculo <\/a><br \/>\n<\/span> | <span class=\"share-item\"><br \/>\n  <a> <img decoding=\"async\" class=\"inline-icon share-icon lazyload\" title=\"Compartir art\u00edculo\" data-src=\"https:\/\/dug.org\/universal\/images\/transparent.png\" alt=\"Compartir art\u00edculo\" src=\"data:image\/svg+xml;base64,PHN2ZyB3aWR0aD0iMSIgaGVpZ2h0PSIxIiB4bWxucz0iaHR0cDovL3d3dy53My5vcmcvMjAwMC9zdmciPjwvc3ZnPg==\">Compartir post <\/a><br \/>\n<\/span> <\/div>\n<div class=\"journal-entry-tag-post-body-line2\"><span class=\"tagged-with\">etiquetado <span class=\"tag-element\"><br \/>\n  <a href=\"https:\/\/dug.org\/dug-blog\/tag\/health-news\" rel=\"tag\"> <img decoding=\"async\" class=\"inline-icon tag-icon lazyload\" title=\"Etiqueta\" data-src=\"https:\/\/dug.org\/universal\/images\/transparent.png\" alt=\"Etiqueta\" src=\"data:image\/svg+xml;base64,PHN2ZyB3aWR0aD0iMSIgaGVpZ2h0PSIxIiB4bWxucz0iaHR0cDovL3d3dy53My5vcmcvMjAwMC9zdmciPjwvc3ZnPg==\">noticias de salud<\/a><br \/>\n<\/span>, <span class=\"tag-element\"><br \/>\n  <a href=\"https:\/\/dug.org\/dug-blog\/tag\/school-gardens\" rel=\"tag\"> <img decoding=\"async\" class=\"inline-icon tag-icon lazyload\" title=\"Etiqueta\" data-src=\"https:\/\/dug.org\/universal\/images\/transparent.png\" alt=\"Etiqueta\" src=\"data:image\/svg+xml;base64,PHN2ZyB3aWR0aD0iMSIgaGVpZ2h0PSIxIiB4bWxucz0iaHR0cDovL3d3dy53My5vcmcvMjAwMC9zdmciPjwvc3ZnPg==\">huertos escolares<\/a><br \/>\n<\/span><\/span><\/div>\n","protected":false},"excerpt":{"rendered":"<p>viernes, julio 23, 2010 en 3:11PM Seg\u00fan un informe de The Trust for America&#8217;s Health y la Fundaci\u00f3n Robert Wood Johnson, la tasa de obesidad en Colorado est\u00e1 subiendo, a&#8230;<\/p>\n","protected":false},"author":1,"featured_media":0,"comment_status":"closed","ping_status":"closed","sticky":false,"template":"","format":"standard","meta":{"_acf_changed":false,"_monsterinsights_skip_tracking":false,"_monsterinsights_sitenote_active":false,"_monsterinsights_sitenote_note":"","_monsterinsights_sitenote_category":0,"footnotes":""},"categories":[42],"tags":[],"class_list":{"0":"post-6264","1":"post","2":"type-post","3":"status-publish","4":"format-standard","6":"category-sin-categorizar"},"acf":[],"aioseo_notices":[],"_links":{"self":[{"href":"https:\/\/dug.org\/es\/wp-json\/wp\/v2\/posts\/6264","targetHints":{"allow":["GET"]}}],"collection":[{"href":"https:\/\/dug.org\/es\/wp-json\/wp\/v2\/posts"}],"about":[{"href":"https:\/\/dug.org\/es\/wp-json\/wp\/v2\/types\/post"}],"author":[{"embeddable":true,"href":"https:\/\/dug.org\/es\/wp-json\/wp\/v2\/users\/1"}],"replies":[{"embeddable":true,"href":"https:\/\/dug.org\/es\/wp-json\/wp\/v2\/comments?post=6264"}],"version-history":[{"count":0,"href":"https:\/\/dug.org\/es\/wp-json\/wp\/v2\/posts\/6264\/revisions"}],"wp:attachment":[{"href":"https:\/\/dug.org\/es\/wp-json\/wp\/v2\/media?parent=6264"}],"wp:term":[{"taxonomy":"category","embeddable":true,"href":"https:\/\/dug.org\/es\/wp-json\/wp\/v2\/categories?post=6264"},{"taxonomy":"post_tag","embeddable":true,"href":"https:\/\/dug.org\/es\/wp-json\/wp\/v2\/tags?post=6264"}],"curies":[{"name":"wp","href":"https:\/\/api.w.org\/{rel}","templated":true}]}}