{"id":6500,"date":"2014-05-10T00:00:00","date_gmt":"2014-05-10T00:00:00","guid":{"rendered":"http:\/\/dev-dug.flywheelsites.com\/el-poder-del-voluntariado\/"},"modified":"2025-03-21T19:56:44","modified_gmt":"2025-03-21T19:56:44","slug":"el-poder-del-voluntariado","status":"publish","type":"post","link":"https:\/\/dug.org\/es\/el-poder-del-voluntariado\/","title":{"rendered":"El poder del voluntariado"},"content":{"rendered":"<div class=\"journal-entry-text\">\n<h2 class=\"title\"><a class=\"journal-entry-navigation-current\" href=\"https:\/\/dug.org\/dug-blog\/2011\/1\/18\/the-power-of-volunteerism.html\">El poder del voluntariado<\/a><\/h2>\n<div class=\"journal-entry-tag journal-entry-tag-post-title\"><span class=\"posted-on\"> <img decoding=\"async\" class=\"inline-icon date-icon lazyload\" title=\"Fecha\" data-src=\"https:\/\/dug.org\/universal\/images\/transparent.png\" alt=\"Fecha\" src=\"data:image\/svg+xml;base64,PHN2ZyB3aWR0aD0iMSIgaGVpZ2h0PSIxIiB4bWxucz0iaHR0cDovL3d3dy53My5vcmcvMjAwMC9zdmciPjwvc3ZnPg==\">martes, 18 de enero de 2011 a las 3:24PM<\/span><\/div>\n<div class=\"body\">\n<p><span class=\"full-image-float-right ssNonEditable\"><img decoding=\"async\" data-src=\"https:\/\/dug.org\/storage\/web-photos\/CG%20Austin.jpg?__SQUARESPACE_CACHEVERSION=1295395186288\" alt=\"\" src=\"data:image\/svg+xml;base64,PHN2ZyB3aWR0aD0iMSIgaGVpZ2h0PSIxIiB4bWxucz0iaHR0cDovL3d3dy53My5vcmcvMjAwMC9zdmciPjwvc3ZnPg==\" class=\"lazyload\"><span class=\"thumbnail-caption\" style=\"width: 275px;\">Un mentor de Conectar Generaciones trabajando con los alumnos del jard\u00edn de la escuela primaria Fairview de DUG.<\/span><\/span>Ayer, personas de toda la zona metropolitana de Denver celebraron el D\u00eda de Martin Luther King, Jr. donando su tiempo y energ\u00eda a proyectos de servicio para mejorar sus comunidades. Uno de esos proyectos de servicio fue una jornada de trabajo comunitario en un nuevo huerto comunitario de Denver Urban Gardens, Ebert School\/Benedict Park Place Community Garden. Este huerto servir\u00e1 a los alumnos y profesores de la escuela Ebert, a los residentes del Benedict Park Place de la Autoridad de la Vivienda de Denver y a los voluntarios y vecinos de la comunidad circundante. Channel 7 cubri\u00f3 el evento, y puedes ver el v\u00eddeo <strong><br \/>\n  <a href=\"http:\/\/www.thedenverchannel.com\/video\/26521827\/index.html\" target=\"_blank\" rel=\"noopener\">aqu\u00ed<\/a><br \/>\n<\/strong>.<\/p>\n<p>El voluntariado es una forma poderosa y significativa de honrar a Martin Luther King, Jr. en el d\u00eda de su conmemoraci\u00f3n. Cualquier d\u00eda del a\u00f1o, el voluntariado es una de las formas m\u00e1s impactantes de conectar con tus vecinos y mejorar tu comunidad. En Denver Urban Gardens, contamos con miles de voluntarios cada a\u00f1o para hacer crecer y gestionar nuestra red de huertos comunitarios, programas educativos y de divulgaci\u00f3n, y la granja comunitaria. Los miembros de la comunidad que donan su tiempo son el alma de los jardines y programas de DUG, y estamos agradecidos por su dedicaci\u00f3n. Desde proyectos de un d\u00eda hasta programas de voluntariado a largo plazo como Conectando Generaciones, los Jardines Urbanos de Denver tienen oportunidades de voluntariado que se adaptan a una amplia variedad de intereses. <strong><br \/>\n  <a href=\"https:\/\/dug.org\/es\/trabajo-voluntario-en-denver-urban-gardens\/\">Haga clic aqu\u00ed<\/a><br \/>\n<\/strong> Para ver las oportunidades actuales de voluntariado con Denver Urban Gardens, o ver la lista de abajo para otras oportunidades de voluntariado en todo Metro Denver.<\/p>\n<p><strong><a href=\"http:\/\/www.metrovolunteers.org\/\" target=\"_blank\" rel=\"noopener\">Metro Voluntarios<\/a><\/strong><\/p>\n<p><a href=\"http:\/\/www.voacolorado.org\/\" target=\"_blank\" rel=\"noopener\"><strong>Voluntarios de Am\u00e9rica<\/strong><\/a><\/p>\n<p><strong><a href=\"http:\/\/www.metrocarering.org\/how-to-get-involved\/volunteer\" target=\"_blank\" rel=\"noopener\">Metro CareRing<\/a><\/strong><\/p>\n<p><strong><a href=\"http:\/\/www.projectangelheart.org\/volunteer\/volunteer.html\">Proyecto Coraz\u00f3n de \u00c1ngel<\/a><\/strong><\/p>\n<p><strong><a href=\"http:\/\/www.tgpdenver.org\/volunteer\">El lugar de encuentro<\/a><\/strong><\/p>\n<p><strong><a href=\"http:\/\/www.coloradoaidsproject.org\/volunteer.html\" target=\"_blank\" rel=\"noopener\">Proyecto Colorado contra el SIDA<\/a><\/strong><\/p>\n<p><strong><a href=\"http:\/\/rockymountainchildrenslawcenter.org\/get_involved\/volunteer_opportunities\" target=\"_blank\" rel=\"noopener\">Centro Jur\u00eddico Infantil de las Monta\u00f1as Rocosas<\/a><\/strong><\/p>\n<\/div>\n<\/div>\n<div class=\"journal-entry-tag-post-body-line1\"> <span class=\"posted-by\"> <a href=\"https:\/\/dug.org\/dug-blog\/author\/denverurbangardens\"> <img decoding=\"async\" class=\"inline-icon user-registered-icon lazyload\" title=\"Autor\" data-src=\"https:\/\/dug.org\/universal\/images\/transparent.png\" alt=\"Autor\" src=\"data:image\/svg+xml;base64,PHN2ZyB3aWR0aD0iMSIgaGVpZ2h0PSIxIiB4bWxucz0iaHR0cDovL3d3dy53My5vcmcvMjAwMC9zdmciPjwvc3ZnPg==\">Jardines urbanos de Denver<\/a><\/span> | <span class=\"post-comments\">Comentarios desactivados <\/span> en <span class=\"email-item\"><br \/>\n  <a href=\"https:\/\/dug.org\/dug-blog\/recommend\/10112700\"> <img decoding=\"async\" class=\"inline-icon email-icon lazyload\" title=\"Enviar art\u00edculo\" data-src=\"https:\/\/dug.org\/universal\/images\/transparent.png\" alt=\"Enviar art\u00edculo\" src=\"data:image\/svg+xml;base64,PHN2ZyB3aWR0aD0iMSIgaGVpZ2h0PSIxIiB4bWxucz0iaHR0cDovL3d3dy53My5vcmcvMjAwMC9zdmciPjwvc3ZnPg==\">Enviar art\u00edculo <\/a><br \/>\n<\/span> | <span class=\"share-item\"><br \/>\n  <a> <img decoding=\"async\" class=\"inline-icon share-icon lazyload\" title=\"Compartir art\u00edculo\" data-src=\"https:\/\/dug.org\/universal\/images\/transparent.png\" alt=\"Compartir art\u00edculo\" src=\"data:image\/svg+xml;base64,PHN2ZyB3aWR0aD0iMSIgaGVpZ2h0PSIxIiB4bWxucz0iaHR0cDovL3d3dy53My5vcmcvMjAwMC9zdmciPjwvc3ZnPg==\">Compartir post <\/a><br \/>\n<\/span> <\/div>\n<div class=\"journal-entry-tag-post-body-line2\"><span class=\"tagged-with\">etiquetado <span class=\"tag-element\"><br \/>\n  <a href=\"https:\/\/dug.org\/dug-blog\/tag\/dug-in-the-news\" rel=\"tag\"> <img decoding=\"async\" class=\"inline-icon tag-icon lazyload\" title=\"Etiqueta\" data-src=\"https:\/\/dug.org\/universal\/images\/transparent.png\" alt=\"Etiqueta\" src=\"data:image\/svg+xml;base64,PHN2ZyB3aWR0aD0iMSIgaGVpZ2h0PSIxIiB4bWxucz0iaHR0cDovL3d3dy53My5vcmcvMjAwMC9zdmciPjwvc3ZnPg==\">DUG en las noticias<\/a><br \/>\n<\/span>, <span class=\"tag-element\"><br \/>\n  <a href=\"https:\/\/dug.org\/dug-blog\/tag\/community-garden-update\" rel=\"tag\"> <img decoding=\"async\" class=\"inline-icon tag-icon lazyload\" title=\"Etiqueta\" data-src=\"https:\/\/dug.org\/universal\/images\/transparent.png\" alt=\"Etiqueta\" src=\"data:image\/svg+xml;base64,PHN2ZyB3aWR0aD0iMSIgaGVpZ2h0PSIxIiB4bWxucz0iaHR0cDovL3d3dy53My5vcmcvMjAwMC9zdmciPjwvc3ZnPg==\">jard\u00edn comunitario<\/a><br \/>\n<\/span>, <span class=\"tag-element\"><br \/>\n  <a href=\"https:\/\/dug.org\/dug-blog\/tag\/volunteer-opportunities\" rel=\"tag\"> <img decoding=\"async\" class=\"inline-icon tag-icon lazyload\" title=\"Etiqueta\" data-src=\"https:\/\/dug.org\/universal\/images\/transparent.png\" alt=\"Etiqueta\" src=\"data:image\/svg+xml;base64,PHN2ZyB3aWR0aD0iMSIgaGVpZ2h0PSIxIiB4bWxucz0iaHR0cDovL3d3dy53My5vcmcvMjAwMC9zdmciPjwvc3ZnPg==\">oportunidades de voluntariado<\/a><br \/>\n<\/span><\/span><\/div>\n","protected":false},"excerpt":{"rendered":"<p>El poder del voluntariado martes, 18 de enero de 2011 a las 3:24PM Un mentor de Conectar Generaciones trabajando con los alumnos del jard\u00edn de la escuela primaria Fairview de&#8230;<\/p>\n","protected":false},"author":1,"featured_media":0,"comment_status":"closed","ping_status":"closed","sticky":false,"template":"","format":"standard","meta":{"_acf_changed":false,"_monsterinsights_skip_tracking":false,"_monsterinsights_sitenote_active":false,"_monsterinsights_sitenote_note":"","_monsterinsights_sitenote_category":0,"footnotes":""},"categories":[42],"tags":[],"class_list":{"0":"post-6500","1":"post","2":"type-post","3":"status-publish","4":"format-standard","6":"category-sin-categorizar"},"acf":[],"aioseo_notices":[],"_links":{"self":[{"href":"https:\/\/dug.org\/es\/wp-json\/wp\/v2\/posts\/6500","targetHints":{"allow":["GET"]}}],"collection":[{"href":"https:\/\/dug.org\/es\/wp-json\/wp\/v2\/posts"}],"about":[{"href":"https:\/\/dug.org\/es\/wp-json\/wp\/v2\/types\/post"}],"author":[{"embeddable":true,"href":"https:\/\/dug.org\/es\/wp-json\/wp\/v2\/users\/1"}],"replies":[{"embeddable":true,"href":"https:\/\/dug.org\/es\/wp-json\/wp\/v2\/comments?post=6500"}],"version-history":[{"count":0,"href":"https:\/\/dug.org\/es\/wp-json\/wp\/v2\/posts\/6500\/revisions"}],"wp:attachment":[{"href":"https:\/\/dug.org\/es\/wp-json\/wp\/v2\/media?parent=6500"}],"wp:term":[{"taxonomy":"category","embeddable":true,"href":"https:\/\/dug.org\/es\/wp-json\/wp\/v2\/categories?post=6500"},{"taxonomy":"post_tag","embeddable":true,"href":"https:\/\/dug.org\/es\/wp-json\/wp\/v2\/tags?post=6500"}],"curies":[{"name":"wp","href":"https:\/\/api.w.org\/{rel}","templated":true}]}}