{"id":6514,"date":"2014-05-10T00:00:00","date_gmt":"2014-05-10T00:00:00","guid":{"rendered":"http:\/\/dev-dug.flywheelsites.com\/la-granja-en-fotos\/"},"modified":"2025-03-21T22:06:43","modified_gmt":"2025-03-21T22:06:43","slug":"la-granja-en-fotos","status":"publish","type":"post","link":"https:\/\/dug.org\/es\/la-granja-en-fotos\/","title":{"rendered":"La granja en fotos"},"content":{"rendered":"<p>Susan Froyd, de Westword, lo resumi\u00f3 muy bien:<\/p>\n<blockquote><p>El tiempo era espl\u00e9ndido y soleado, los aperitivos abundantes, la m\u00fasica en directo de Erik Rudolph animada y que me aspen si un jard\u00edn -en este caso, el West Washington Park Community Garden en la Segunda Avenida y Grant Street- no result\u00f3 ser el espacio de galer\u00eda m\u00e1s bonito que he visto nunca.<\/p><\/blockquote>\n<p>Tambi\u00e9n hizo unas fotos estupendas. Vea todas sus fotos en el <a href=\"http:\/\/blogs.westword.com\/showandtell\/2010\/08\/over_the_weekend_art_in_the_ga.php\" target=\"_blank\" rel=\"noopener\">blog<\/a> Westword <a href=\"http:\/\/blogs.westword.com\/showandtell\/2010\/08\/over_the_weekend_art_in_the_ga.php\" target=\"_blank\" rel=\"noopener\">Art<\/a>. Gracias a Eric Matelski de <a href=\"http:\/\/artpimponline.com\/\" target=\"_blank\" rel=\"noopener\">Art Pimp<\/a> por llevar el arte a un jard\u00edn comunitario, gracias a los jardineros de West Wash Park por el magn\u00edfico espacio, y gracias a todos los que vinieron a pasar una tarde de verano en el jard\u00edn con nosotros.<\/p>\n<p><span class=\"full-image-block ssNonEditable\"><a href=\"http:\/\/blogs.westword.com\/showandtell\/art\/\" target=\"_blank\" rel=\"noopener\"><img decoding=\"async\" data-src=\"https:\/\/dug.org\/storage\/underground-photos\/artfarm.jpg?__SQUARESPACE_CACHEVERSION=1283450061729\" alt=\"\" src=\"data:image\/svg+xml;base64,PHN2ZyB3aWR0aD0iMSIgaGVpZ2h0PSIxIiB4bWxucz0iaHR0cDovL3d3dy53My5vcmcvMjAwMC9zdmciPjwvc3ZnPg==\" class=\"lazyload\"><\/a><span class=\"thumbnail-caption\" style=\"width: 500px;\">Fotos de Susan Froyd, Westword<\/span><\/span><\/p>\n<p><span class=\"full-image-block ssNonEditable\"><img decoding=\"async\" data-src=\"https:\/\/dug.org\/storage\/underground-photos\/artfarm%20-%20eric.jpg?__SQUARESPACE_CACHEVERSION=1283450095250\" alt=\"\" src=\"data:image\/svg+xml;base64,PHN2ZyB3aWR0aD0iMSIgaGVpZ2h0PSIxIiB4bWxucz0iaHR0cDovL3d3dy53My5vcmcvMjAwMC9zdmciPjwvc3ZnPg==\" class=\"lazyload\"><\/span><\/p>\n<p><span class=\"full-image-block ssNonEditable\"><img decoding=\"async\" data-src=\"https:\/\/dug.org\/storage\/underground-photos\/artfarm%20-%20people.jpg?__SQUARESPACE_CACHEVERSION=1283450163100\" alt=\"\" src=\"data:image\/svg+xml;base64,PHN2ZyB3aWR0aD0iMSIgaGVpZ2h0PSIxIiB4bWxucz0iaHR0cDovL3d3dy53My5vcmcvMjAwMC9zdmciPjwvc3ZnPg==\" class=\"lazyload\"><\/span><\/p>\n<p><span class=\"full-image-block ssNonEditable\"><img decoding=\"async\" data-src=\"https:\/\/dug.org\/storage\/artfarm%20sculptures.jpg?__SQUARESPACE_CACHEVERSION=1283450126562\" alt=\"\" src=\"data:image\/svg+xml;base64,PHN2ZyB3aWR0aD0iMSIgaGVpZ2h0PSIxIiB4bWxucz0iaHR0cDovL3d3dy53My5vcmcvMjAwMC9zdmciPjwvc3ZnPg==\" class=\"lazyload\"><\/span><\/p>\n<div class=\"journal-entry-tag-post-body-line1\"> <span class=\"posted-by\"> <a href=\"https:\/\/dug.org\/dug-blog\/author\/denverurbangardens\"> <img decoding=\"async\" class=\"inline-icon user-registered-icon lazyload\" title=\"Autor\" data-src=\"https:\/\/dug.org\/universal\/images\/transparent.png\" alt=\"Autor\" src=\"data:image\/svg+xml;base64,PHN2ZyB3aWR0aD0iMSIgaGVpZ2h0PSIxIiB4bWxucz0iaHR0cDovL3d3dy53My5vcmcvMjAwMC9zdmciPjwvc3ZnPg==\">Jardines urbanos de Denver<\/a><\/span> | <span class=\"post-comments\">Comentarios desactivados <\/span> en <span class=\"email-item\"><br \/>\n  <a href=\"https:\/\/dug.org\/dug-blog\/recommend\/8753509\"> <img decoding=\"async\" class=\"inline-icon email-icon lazyload\" title=\"Enviar art\u00edculo\" data-src=\"https:\/\/dug.org\/universal\/images\/transparent.png\" alt=\"Enviar art\u00edculo\" src=\"data:image\/svg+xml;base64,PHN2ZyB3aWR0aD0iMSIgaGVpZ2h0PSIxIiB4bWxucz0iaHR0cDovL3d3dy53My5vcmcvMjAwMC9zdmciPjwvc3ZnPg==\">Enviar art\u00edculo <\/a><br \/>\n<\/span> | <span class=\"share-item\"><br \/>\n  <a> <img decoding=\"async\" class=\"inline-icon share-icon lazyload\" title=\"Compartir art\u00edculo\" data-src=\"https:\/\/dug.org\/universal\/images\/transparent.png\" alt=\"Compartir art\u00edculo\" src=\"data:image\/svg+xml;base64,PHN2ZyB3aWR0aD0iMSIgaGVpZ2h0PSIxIiB4bWxucz0iaHR0cDovL3d3dy53My5vcmcvMjAwMC9zdmciPjwvc3ZnPg==\">Compartir post <\/a><br \/>\n<\/span> <\/div>\n<div class=\"journal-entry-tag-post-body-line2\"><span class=\"tagged-with\">etiquetado <span class=\"tag-element\"><br \/>\n  <a href=\"https:\/\/dug.org\/dug-blog\/tag\/community-garden-update\" rel=\"tag\"> <img decoding=\"async\" class=\"inline-icon tag-icon lazyload\" title=\"Etiqueta\" data-src=\"https:\/\/dug.org\/universal\/images\/transparent.png\" alt=\"Etiqueta\" src=\"data:image\/svg+xml;base64,PHN2ZyB3aWR0aD0iMSIgaGVpZ2h0PSIxIiB4bWxucz0iaHR0cDovL3d3dy53My5vcmcvMjAwMC9zdmciPjwvc3ZnPg==\">jard\u00edn comunitario<\/a><br \/>\n<\/span>, <span class=\"tag-element\"><br \/>\n  <a href=\"https:\/\/dug.org\/dug-blog\/tag\/events\" rel=\"tag\"> <img decoding=\"async\" class=\"inline-icon tag-icon lazyload\" title=\"Etiqueta\" data-src=\"https:\/\/dug.org\/universal\/images\/transparent.png\" alt=\"Etiqueta\" src=\"data:image\/svg+xml;base64,PHN2ZyB3aWR0aD0iMSIgaGVpZ2h0PSIxIiB4bWxucz0iaHR0cDovL3d3dy53My5vcmcvMjAwMC9zdmciPjwvc3ZnPg==\">eventos<\/a><br \/>\n<\/span>, <span class=\"tag-element\"><br \/>\n  <a href=\"https:\/\/dug.org\/dug-blog\/tag\/garden-art\" rel=\"tag\"> <img decoding=\"async\" class=\"inline-icon tag-icon lazyload\" title=\"Etiqueta\" data-src=\"https:\/\/dug.org\/universal\/images\/transparent.png\" alt=\"Etiqueta\" src=\"data:image\/svg+xml;base64,PHN2ZyB3aWR0aD0iMSIgaGVpZ2h0PSIxIiB4bWxucz0iaHR0cDovL3d3dy53My5vcmcvMjAwMC9zdmciPjwvc3ZnPg==\">arte del jard\u00edn<\/a><br \/>\n<\/span><\/span><\/div>\n","protected":false},"excerpt":{"rendered":"<p>Susan Froyd, de Westword, lo resumi\u00f3 muy bien: El tiempo era espl\u00e9ndido y soleado, los aperitivos abundantes, la m\u00fasica en directo de Erik Rudolph animada y que me aspen si&#8230;<\/p>\n","protected":false},"author":1,"featured_media":0,"comment_status":"closed","ping_status":"closed","sticky":false,"template":"","format":"standard","meta":{"_acf_changed":false,"_monsterinsights_skip_tracking":false,"_monsterinsights_sitenote_active":false,"_monsterinsights_sitenote_note":"","_monsterinsights_sitenote_category":0,"footnotes":""},"categories":[42],"tags":[],"class_list":{"0":"post-6514","1":"post","2":"type-post","3":"status-publish","4":"format-standard","6":"category-sin-categorizar"},"acf":[],"aioseo_notices":[],"_links":{"self":[{"href":"https:\/\/dug.org\/es\/wp-json\/wp\/v2\/posts\/6514","targetHints":{"allow":["GET"]}}],"collection":[{"href":"https:\/\/dug.org\/es\/wp-json\/wp\/v2\/posts"}],"about":[{"href":"https:\/\/dug.org\/es\/wp-json\/wp\/v2\/types\/post"}],"author":[{"embeddable":true,"href":"https:\/\/dug.org\/es\/wp-json\/wp\/v2\/users\/1"}],"replies":[{"embeddable":true,"href":"https:\/\/dug.org\/es\/wp-json\/wp\/v2\/comments?post=6514"}],"version-history":[{"count":0,"href":"https:\/\/dug.org\/es\/wp-json\/wp\/v2\/posts\/6514\/revisions"}],"wp:attachment":[{"href":"https:\/\/dug.org\/es\/wp-json\/wp\/v2\/media?parent=6514"}],"wp:term":[{"taxonomy":"category","embeddable":true,"href":"https:\/\/dug.org\/es\/wp-json\/wp\/v2\/categories?post=6514"},{"taxonomy":"post_tag","embeddable":true,"href":"https:\/\/dug.org\/es\/wp-json\/wp\/v2\/tags?post=6514"}],"curies":[{"name":"wp","href":"https:\/\/api.w.org\/{rel}","templated":true}]}}